{"id":116317,"date":"2025-12-25T08:36:10","date_gmt":"2025-12-25T08:36:10","guid":{"rendered":"https:\/\/www.europesays.com\/se\/116317\/"},"modified":"2025-12-25T08:36:10","modified_gmt":"2025-12-25T08:36:10","slug":"dubbelt-sa-manga-vill-byta-juridiskt-kon-med-nya-lagen","status":"publish","type":"post","link":"https:\/\/www.europesays.com\/se\/116317\/","title":{"rendered":"Dubbelt s\u00e5 m\u00e5nga vill byta juridiskt k\u00f6n med nya lagen"},"content":{"rendered":"<p>Efter att den nya k\u00f6nstillh\u00f6righetslagen tr\u00e4tt i kraft den 1 juli har antalet ans\u00f6kningar om att byta juridiskt k\u00f6n \u00f6kat kraftigt, rapporterar Sveriges Radios Ekot. <\/p>\n<p>Fram till och med november har 1\u202f278 ans\u00f6kningar kommit till Socialstyrelsen, vilket \u00e4r dubbelt s\u00e5 m\u00e5nga som \u00e5ret innan. <\/p>\n<p>Den nya lagen inneb\u00e4r att det inte l\u00e4ngre kr\u00e4vs en k\u00f6nsdysforidiagnos f\u00f6r att byta juridiskt k\u00f6n och \u00e5ldern f\u00f6r det har s\u00e4nkts. Ekot har pratat med Jonathan Van der Schaaf, en av dem som nu bytt juridiskt k\u00f6n. <\/p>\n<p>\u2013 Det k\u00e4nns som en l\u00e4ttnad, allts\u00e5 bara ett lugn i kroppen att den h\u00e4r lilla \u00e4ndringen \u00e4ntligen fick g\u00e5 igenom, s\u00e4ger han. <\/p>\n<p>Omni \u00e4r politiskt obundna och oberoende. Vi str\u00e4var efter att ge fler perspektiv p\u00e5 nyheterna. Har du fr\u00e5gor eller synpunkter kring v\u00e5r rapportering? <a href=\"https:\/\/omni.se\/dubbelt-sa-manga-vill-byta-juridiskt-kon-med-nya-lagen\/a\/mailto:redaktion@omni.se\" class=\"ArticleActions_contactLink__W2F1M\" rel=\"nofollow noopener\" target=\"_blank\">Kontakta redaktionen<\/a><\/p>\n","protected":false},"excerpt":{"rendered":"Efter att den nya k\u00f6nstillh\u00f6righetslagen tr\u00e4tt i kraft den 1 juli har antalet ans\u00f6kningar om att byta juridiskt&hellip;\n","protected":false},"author":2,"featured_media":116318,"comment_status":"","ping_status":"","sticky":false,"template":"","format":"standard","meta":{"footnotes":""},"categories":[14],"tags":[22,23,26,27,1778,17,21,120,24,25,28,29,15,16,18,34,2109,31,33,32,30,19,20,51,52,53,54],"class_list":{"0":"post-116317","1":"post","2":"type-post","3":"status-publish","4":"format-standard","5":"has-post-thumbnail","7":"category-varlden","8":"tag-breaking-news","9":"tag-breakingnews","10":"tag-featured-news","11":"tag-featurednews","12":"tag-hbtq","13":"tag-headlines","14":"tag-huvudnyheter","15":"tag-lag-ratt","16":"tag-latest-news","17":"tag-latestnews","18":"tag-main-news","19":"tag-mainnews","20":"tag-news","21":"tag-nyheter","22":"tag-rubriker","23":"tag-se","24":"tag-socialstyrelsen","25":"tag-svenska","26":"tag-sverige","27":"tag-sweden","28":"tag-swedish","29":"tag-top-stories","30":"tag-topstories","31":"tag-varlden","32":"tag-world","33":"tag-world-news","34":"tag-worldnews"},"share_on_mastodon":{"url":"https:\/\/pubeurope.com\/@se\/115779297884327939","error":""},"_links":{"self":[{"href":"https:\/\/www.europesays.com\/se\/wp-json\/wp\/v2\/posts\/116317","targetHints":{"allow":["GET"]}}],"collection":[{"href":"https:\/\/www.europesays.com\/se\/wp-json\/wp\/v2\/posts"}],"about":[{"href":"https:\/\/www.europesays.com\/se\/wp-json\/wp\/v2\/types\/post"}],"author":[{"embeddable":true,"href":"https:\/\/www.europesays.com\/se\/wp-json\/wp\/v2\/users\/2"}],"replies":[{"embeddable":true,"href":"https:\/\/www.europesays.com\/se\/wp-json\/wp\/v2\/comments?post=116317"}],"version-history":[{"count":0,"href":"https:\/\/www.europesays.com\/se\/wp-json\/wp\/v2\/posts\/116317\/revisions"}],"wp:featuredmedia":[{"embeddable":true,"href":"https:\/\/www.europesays.com\/se\/wp-json\/wp\/v2\/media\/116318"}],"wp:attachment":[{"href":"https:\/\/www.europesays.com\/se\/wp-json\/wp\/v2\/media?parent=116317"}],"wp:term":[{"taxonomy":"category","embeddable":true,"href":"https:\/\/www.europesays.com\/se\/wp-json\/wp\/v2\/categories?post=116317"},{"taxonomy":"post_tag","embeddable":true,"href":"https:\/\/www.europesays.com\/se\/wp-json\/wp\/v2\/tags?post=116317"}],"curies":[{"name":"wp","href":"https:\/\/api.w.org\/{rel}","templated":true}]}}