{"id":116320,"date":"2025-12-25T08:38:18","date_gmt":"2025-12-25T08:38:18","guid":{"rendered":"https:\/\/www.europesays.com\/se\/116320\/"},"modified":"2025-12-25T08:38:18","modified_gmt":"2025-12-25T08:38:18","slug":"tank-om-vara-forfader-inte-kande-kanslor-som-vi","status":"publish","type":"post","link":"https:\/\/www.europesays.com\/se\/116320\/","title":{"rendered":"T\u00e4nk om v\u00e5ra f\u00f6rf\u00e4der inte k\u00e4nde k\u00e4nslor som vi?"},"content":{"rendered":"<p>Vi tar ofta f\u00f6r givet att k\u00e4nslor \u00e4r universella och tidl\u00f6sa \u2013 att sorg, k\u00e4rlek och sm\u00e4rta har k\u00e4nts ungef\u00e4r likadant i alla tider. Men t\u00e4nk om det \u00e4r fel? <\/p>\n<p>The historians who want to know how our ancestors\u2026<\/p>\n<p>Omni \u00e4r politiskt obundna och oberoende. Vi str\u00e4var efter att ge fler perspektiv p\u00e5 nyheterna. Har du fr\u00e5gor eller synpunkter kring v\u00e5r rapportering? <a href=\"https:\/\/omni.se\/tank-om-vara-forfader-inte-kande-kanslor-som-vi\/a\/mailto:mer@omni.se\" class=\"ArticleActions_contactLink__W2F1M\" rel=\"nofollow noopener\" target=\"_blank\">Kontakta redaktionen<\/a><\/p>\n","protected":false},"excerpt":{"rendered":"Vi tar ofta f\u00f6r givet att k\u00e4nslor \u00e4r universella och tidl\u00f6sa \u2013 att sorg, k\u00e4rlek och sm\u00e4rta har&hellip;\n","protected":false},"author":2,"featured_media":116321,"comment_status":"","ping_status":"","sticky":false,"template":"","format":"standard","meta":{"footnotes":""},"categories":[5],"tags":[2193,22,23,26,27,17,21,24,25,28,29,15,16,5037,18,34,31,33,32,30,12538,19,20],"class_list":{"0":"post-116320","1":"post","2":"type-post","3":"status-publish","4":"format-standard","5":"has-post-thumbnail","7":"category-rubriker","8":"tag-omni-mer","9":"tag-breaking-news","10":"tag-breakingnews","11":"tag-featured-news","12":"tag-featurednews","13":"tag-headlines","14":"tag-huvudnyheter","15":"tag-latest-news","16":"tag-latestnews","17":"tag-main-news","18":"tag-mainnews","19":"tag-news","20":"tag-nyheter","21":"tag-omni-mer-internationell-fordjupning","22":"tag-rubriker","23":"tag-se","24":"tag-svenska","25":"tag-sverige","26":"tag-sweden","27":"tag-swedish","28":"tag-the-atlantic","29":"tag-top-stories","30":"tag-topstories"},"share_on_mastodon":{"url":"https:\/\/pubeurope.com\/@se\/115779305691417572","error":""},"_links":{"self":[{"href":"https:\/\/www.europesays.com\/se\/wp-json\/wp\/v2\/posts\/116320","targetHints":{"allow":["GET"]}}],"collection":[{"href":"https:\/\/www.europesays.com\/se\/wp-json\/wp\/v2\/posts"}],"about":[{"href":"https:\/\/www.europesays.com\/se\/wp-json\/wp\/v2\/types\/post"}],"author":[{"embeddable":true,"href":"https:\/\/www.europesays.com\/se\/wp-json\/wp\/v2\/users\/2"}],"replies":[{"embeddable":true,"href":"https:\/\/www.europesays.com\/se\/wp-json\/wp\/v2\/comments?post=116320"}],"version-history":[{"count":0,"href":"https:\/\/www.europesays.com\/se\/wp-json\/wp\/v2\/posts\/116320\/revisions"}],"wp:featuredmedia":[{"embeddable":true,"href":"https:\/\/www.europesays.com\/se\/wp-json\/wp\/v2\/media\/116321"}],"wp:attachment":[{"href":"https:\/\/www.europesays.com\/se\/wp-json\/wp\/v2\/media?parent=116320"}],"wp:term":[{"taxonomy":"category","embeddable":true,"href":"https:\/\/www.europesays.com\/se\/wp-json\/wp\/v2\/categories?post=116320"},{"taxonomy":"post_tag","embeddable":true,"href":"https:\/\/www.europesays.com\/se\/wp-json\/wp\/v2\/tags?post=116320"}],"curies":[{"name":"wp","href":"https:\/\/api.w.org\/{rel}","templated":true}]}}