{"id":116330,"date":"2025-12-25T08:47:13","date_gmt":"2025-12-25T08:47:13","guid":{"rendered":"https:\/\/www.europesays.com\/se\/116330\/"},"modified":"2025-12-25T08:47:13","modified_gmt":"2025-12-25T08:47:13","slug":"trumps-loftetill-putins-vanfetmamedicin","status":"publish","type":"post","link":"https:\/\/www.europesays.com\/se\/116330\/","title":{"rendered":"Trumps l\u00f6fte\ntill Putins v\u00e4n:\nFetmamedicin"},"content":{"rendered":"<p>Publicerad 25 dec 2025 kl 02.39Uppdaterad kl 07.11<\/p>\n<p>USA f\u00f6rs\u00f6ker f\u00e5 \u00f6ver Alexander Lukasjenka p\u00e5 sin sida.<\/p>\n<p>Och man g\u00f6r det \u2013 med hj\u00e4lp av fetmamediciner.<\/p>\n<p>\u2013 Om personen kan leverera det du vill ha \u00e4r det det enda som r\u00e4knas, s\u00e4ger Trumps s\u00e4rskilda s\u00e4ndebud John Coale.<\/p>\n<p><img   alt=\"\"\/><\/p>\n<p>Trumps man i Belarus \u00e4r hans tidigare advokat John Coale.<\/p>\n<p>Foto: TT NYHETSBYR\u00c5N<\/p>\n<p>\u00d6ppna bild i helsk\u00e4rm<img loading=\"lazy\"   alt=\"\"\/><\/p>\n<p>Det \u00e5ts potatispl\u00e4ttar och m\u00f6rkt br\u00f6d, och Lukasjenka bj\u00f6d p\u00e5 vodka.<\/p>\n<p>Foto: TT NYHETSBYR\u00c5N<\/p>\n<p>\u00d6ppna bild i helsk\u00e4rm<img loading=\"lazy\"   alt=\"\"\/><\/p>\n<p>71-\u00e5ringen var ocks\u00e5 intresserad av att g\u00e5 ner i vikt.<\/p>\n<p>Foto: Maxim Guchek \/ TT NYHETSBYR\u00c5N<\/p>\n<p>\u00d6ppna bild i helsk\u00e4rm<\/p>\n<p>Putins starkaste allierade i Europa \u00e4r fortfarande \u201dkontinentens sista diktator\u201d, <a href=\"https:\/\/www.expressen.se\/tagg\/location\/belarus\/\" class=\"\" rel=\"nofollow noopener\" target=\"_blank\">Belarus<\/a> president Alexander Lukasjenka.<\/p>\n<p>De tv\u00e5 \u00f6stledarna har en stark relation \u2013 en relation som USA och Trump vill rubba p\u00e5.<\/p>\n<p>En taktik f\u00f6r Trump \u00e4r att f\u00f6rb\u00e4ttra relationerna med Belarus f\u00f6r att f\u00e5 s\u00e5 s\u00e4tt f\u00e5 Putin att rubba i fr\u00e5gan om freden i Ukraina.<\/p>\n<p>Trumps man i Belarus \u00e4r hans tidigare advokat John Coale \u2013 som arbetar med n\u00e5got okonventionella \u00f6vertalningsmetoder.<\/p>\n<p>\u2013 Min f\u00f6rsta tanke var: var fan ligger Belarus?, s\u00e4ger Coale i en intervju med <a href=\"https:\/\/www.wsj.com\/world\/belarus-lukashenko-obesity-drug-02941fb3\" rel=\"nofollow noopener\" target=\"_blank\">Wall Street Journal.\u00a0<\/a><\/p>\n<p>Erbjudandet: Fetmamedicin<\/p>\n<p>Coale ber\u00e4ttar om ett m\u00f6te med Lukasjenka i Minsk som ursprungligen handlade om den f\u00e4ngslad amerikansk medborgaren Youras Ziankovitj.<\/p>\n<p>Det \u00e5ts potatispl\u00e4ttar och m\u00f6rkt br\u00f6d, och Lukasjenka bj\u00f6d p\u00e5 vodka \u2013 som Coale h\u00e4llde ut n\u00e4r diktatorn tittade bort.<\/p>\n<p>\u2013 Ni sitter vid f\u00f6rlorarbordet i utrikespolitiken med l\u00e4nder som Venezuela, Nordkorea och Iran. Ni kan f\u00e5 sitta vid det coola bordet med oss, sa Coale under m\u00f6tet.<\/p>\n<p>Coale fick fr\u00e5gan av Lukasjenka om han hade g\u00e5tt ner i vikt. Ja, svarade han, och erbj\u00f6d diktatorn en leverans av fetmamedicinen Zepbound.<\/p>\n<p>71-\u00e5ringen var ocks\u00e5 intresserad av att g\u00e5 ner i vikt.<\/p>\n<p>\u2013 Det \u00e4r v\u00e4ldigt Trumpaktigt. Skitsamma vem du pratar med \u2013 om den h\u00e4r personen kan leverera det du vill ha \u00e4r det det enda som r\u00e4knas, s\u00e4ger Coale till WSJ.<\/p>\n<p>Fick sitt presidentplan reparerat<\/p>\n<p>Ett par timmar senare k\u00f6rdes Coale ut till en skogsdunge. D\u00e4r stod Ziankovitj, och fick komma hem samma kv\u00e4ll.<\/p>\n<p>V\u00e4stv\u00e4rldens sanktioner mot Belarus har \u00e4ven drabbat landets flygplansindustri. Lukasjenkas presidentplan har inte kunnat repareras eftersom landet inte f\u00e5r importera flygplansdelar fr\u00e5n Boeing.<\/p>\n<p>\u2013 Jag sa att jag kunde se vad jag kunde g\u00f6ra, s\u00e4ger Coale.<\/p>\n<p>Att stryrka Lukasjenka medh\u00e5rs \u00e4r inte bara en taktik f\u00f6r att locka \u00f6ver honom till USA:s sida \u2013 utan \u00e4ven f\u00f6r att han kan influera Putin kring USA:s fredsavtal.\u00a0<\/p>\n<p>\u2013 Till slut kommer Putin att hamna i en situation d\u00e4r han m\u00e5ste fatta ett mycket sv\u00e5rt beslut. Att d\u00e5 ha den person han k\u00e4nner b\u00e4st och litar mest p\u00e5 s\u00e4ger positiva saker om avtalet \u00e4r viktigt, s\u00e4ger en amerikansk tj\u00e4nsteman till WSJ.\u00a0<\/p>\n<p><strong>L\u00c4S MER: <\/strong><a href=\"https:\/\/www.expressen.se\/nyheter\/varlden\/avslojar-det-lag--bakom-ledarnas--vita-huset-brak\/\" class=\"\" rel=\"nofollow noopener\" target=\"_blank\">Vita huset: Det l\u00e5g bakom storbr\u00e5ket<\/a><strong>L\u00c4S MER: <\/strong><a href=\"https:\/\/www.expressen.se\/nyheter\/varlden\/lukasjenka-oresjnik-redo-att-tas-i-bruk-i-belarus\/\" class=\"\" rel=\"nofollow noopener\" target=\"_blank\">Lukasjenka: \u201dOresjnik\u201d redo att tas i bruk i Belarus<\/a><strong>L\u00c4S MER: <\/strong><a href=\"https:\/\/www.expressen.se\/nyheter\/varlden\/lukasjenkas-ilska-mot-litauen-galet\/\" class=\"\" rel=\"nofollow noopener\" target=\"_blank\">Lukasjenkas ilska \u2013 mot Litauen: \u201dGalet\u201d<\/a><img alt=\"\"\/>Ljudklippet gick inte att spela upp<\/p>\n<p>F\u00f6rs\u00f6k igen senare<\/p>\n","protected":false},"excerpt":{"rendered":"Publicerad 25 dec 2025 kl 02.39Uppdaterad kl 07.11 USA f\u00f6rs\u00f6ker f\u00e5 \u00f6ver Alexander Lukasjenka p\u00e5 sin sida. Och&hellip;\n","protected":false},"author":2,"featured_media":116331,"comment_status":"","ping_status":"","sticky":false,"template":"","format":"standard","meta":{"footnotes":""},"categories":[5],"tags":[50,22,23,26,27,17,21,24,25,540,202,45,28,29,15,16,6098,198,18,34,55,31,33,32,30,19,60,49,20],"class_list":{"0":"post-116330","1":"post","2":"type-post","3":"status-publish","4":"format-standard","5":"has-post-thumbnail","7":"category-rubriker","8":"tag-arme-forsvar","9":"tag-breaking-news","10":"tag-breakingnews","11":"tag-featured-news","12":"tag-featurednews","13":"tag-headlines","14":"tag-huvudnyheter","15":"tag-latest-news","16":"tag-latestnews","17":"tag-location-belarus","18":"tag-location-ukraina","19":"tag-location-usa","20":"tag-main-news","21":"tag-mainnews","22":"tag-news","23":"tag-nyheter","24":"tag-person-aleksandr-lukasjenka","25":"tag-person-donald-trump","26":"tag-rubriker","27":"tag-se","28":"tag-sections-varlden","29":"tag-svenska","30":"tag-sverige","31":"tag-sweden","32":"tag-swedish","33":"tag-top-stories","34":"tag-topic-krig-konflikt","35":"tag-topic-militar","36":"tag-topstories"},"share_on_mastodon":{"url":"https:\/\/pubeurope.com\/@se\/115779341060458034","error":""},"_links":{"self":[{"href":"https:\/\/www.europesays.com\/se\/wp-json\/wp\/v2\/posts\/116330","targetHints":{"allow":["GET"]}}],"collection":[{"href":"https:\/\/www.europesays.com\/se\/wp-json\/wp\/v2\/posts"}],"about":[{"href":"https:\/\/www.europesays.com\/se\/wp-json\/wp\/v2\/types\/post"}],"author":[{"embeddable":true,"href":"https:\/\/www.europesays.com\/se\/wp-json\/wp\/v2\/users\/2"}],"replies":[{"embeddable":true,"href":"https:\/\/www.europesays.com\/se\/wp-json\/wp\/v2\/comments?post=116330"}],"version-history":[{"count":0,"href":"https:\/\/www.europesays.com\/se\/wp-json\/wp\/v2\/posts\/116330\/revisions"}],"wp:featuredmedia":[{"embeddable":true,"href":"https:\/\/www.europesays.com\/se\/wp-json\/wp\/v2\/media\/116331"}],"wp:attachment":[{"href":"https:\/\/www.europesays.com\/se\/wp-json\/wp\/v2\/media?parent=116330"}],"wp:term":[{"taxonomy":"category","embeddable":true,"href":"https:\/\/www.europesays.com\/se\/wp-json\/wp\/v2\/categories?post=116330"},{"taxonomy":"post_tag","embeddable":true,"href":"https:\/\/www.europesays.com\/se\/wp-json\/wp\/v2\/tags?post=116330"}],"curies":[{"name":"wp","href":"https:\/\/api.w.org\/{rel}","templated":true}]}}