{"id":116344,"date":"2025-12-25T09:01:18","date_gmt":"2025-12-25T09:01:18","guid":{"rendered":"https:\/\/www.europesays.com\/se\/116344\/"},"modified":"2025-12-25T09:01:18","modified_gmt":"2025-12-25T09:01:18","slug":"fran-gallo-till-varlden-ostersunds-posten-2","status":"publish","type":"post","link":"https:\/\/www.europesays.com\/se\/116344\/","title":{"rendered":"Fr\u00e5n G\u00e4ll\u00f6 till v\u00e4rlden \u2013 \u00d6stersunds-Posten"},"content":{"rendered":"<p>Josefine Arwhem, 27 \u00e5r, \u00e4r alltid p\u00e5 v\u00e4g. Bara i \u00e5r har hon varit assistent \u00e5t influeraren \u00c1sa Steinars p\u00e5 Island, seglat p\u00e5 Stilla havet med youtubern Sailing La Vagabonde, tr\u00e4ffat bland andra Cristiano Ronaldo och Max Verstappen genom lyxyacht-branschen, k\u00f6rt en van fr\u00e5n norra Finland till Danmark, varit p\u00e5 Bali, i Spanien och i London. Faktum \u00e4r att det \u00e4r l\u00e4ttare att r\u00e4kna upp antalet dagar d\u00e5 hon inte varit ute och rest i \u00e5r: tolv stycken. <\/p>\n","protected":false},"excerpt":{"rendered":"Josefine Arwhem, 27 \u00e5r, \u00e4r alltid p\u00e5 v\u00e4g. Bara i \u00e5r har hon varit assistent \u00e5t influeraren \u00c1sa&hellip;\n","protected":false},"author":2,"featured_media":115827,"comment_status":"","ping_status":"","sticky":false,"template":"","format":"standard","meta":{"footnotes":""},"categories":[14],"tags":[22,23,26,27,17,21,24,25,28,29,15,16,18,34,31,33,32,30,19,20,51,52,53,54],"class_list":{"0":"post-116344","1":"post","2":"type-post","3":"status-publish","4":"format-standard","5":"has-post-thumbnail","7":"category-varlden","8":"tag-breaking-news","9":"tag-breakingnews","10":"tag-featured-news","11":"tag-featurednews","12":"tag-headlines","13":"tag-huvudnyheter","14":"tag-latest-news","15":"tag-latestnews","16":"tag-main-news","17":"tag-mainnews","18":"tag-news","19":"tag-nyheter","20":"tag-rubriker","21":"tag-se","22":"tag-svenska","23":"tag-sverige","24":"tag-sweden","25":"tag-swedish","26":"tag-top-stories","27":"tag-topstories","28":"tag-varlden","29":"tag-world","30":"tag-world-news","31":"tag-worldnews"},"share_on_mastodon":{"url":"https:\/\/pubeurope.com\/@se\/115779396109975381","error":""},"_links":{"self":[{"href":"https:\/\/www.europesays.com\/se\/wp-json\/wp\/v2\/posts\/116344","targetHints":{"allow":["GET"]}}],"collection":[{"href":"https:\/\/www.europesays.com\/se\/wp-json\/wp\/v2\/posts"}],"about":[{"href":"https:\/\/www.europesays.com\/se\/wp-json\/wp\/v2\/types\/post"}],"author":[{"embeddable":true,"href":"https:\/\/www.europesays.com\/se\/wp-json\/wp\/v2\/users\/2"}],"replies":[{"embeddable":true,"href":"https:\/\/www.europesays.com\/se\/wp-json\/wp\/v2\/comments?post=116344"}],"version-history":[{"count":0,"href":"https:\/\/www.europesays.com\/se\/wp-json\/wp\/v2\/posts\/116344\/revisions"}],"wp:featuredmedia":[{"embeddable":true,"href":"https:\/\/www.europesays.com\/se\/wp-json\/wp\/v2\/media\/115827"}],"wp:attachment":[{"href":"https:\/\/www.europesays.com\/se\/wp-json\/wp\/v2\/media?parent=116344"}],"wp:term":[{"taxonomy":"category","embeddable":true,"href":"https:\/\/www.europesays.com\/se\/wp-json\/wp\/v2\/categories?post=116344"},{"taxonomy":"post_tag","embeddable":true,"href":"https:\/\/www.europesays.com\/se\/wp-json\/wp\/v2\/tags?post=116344"}],"curies":[{"name":"wp","href":"https:\/\/api.w.org\/{rel}","templated":true}]}}