{"id":116364,"date":"2025-12-25T09:34:23","date_gmt":"2025-12-25T09:34:23","guid":{"rendered":"https:\/\/www.europesays.com\/se\/116364\/"},"modified":"2025-12-25T09:34:23","modified_gmt":"2025-12-25T09:34:23","slug":"350-nationalgardister-till-new-orleans-3","status":"publish","type":"post","link":"https:\/\/www.europesays.com\/se\/116364\/","title":{"rendered":"350 nationalgardister till New Orleans"},"content":{"rendered":"<p>Gardisterna kommer bland annat bist\u00e5 polisen i syfte att f\u00f6rhindra v\u00e5ldsbrott och uppges bli kvar i staden till februari.<\/p>\n<p>Trumpregeringen har satt in nationalgardet i flera st\u00e4der det g\u00e5ngna \u00e5ret, vilket m\u00f6tts av kritik fr\u00e5n bland annat Demokraterna. Kritiker har ocks\u00e5 h\u00e4vdat, i fallet New Orleans, att en insats av nationalgardet \u00e4r obefogad d\u00e5 staden sett en minskning av antalet v\u00e5ldsbrott den senaste tiden.<\/p>\n<p>Delstaten Louisianas republikanske guvern\u00f6r Jeff Landry v\u00e4lkomnar dock beskedet fr\u00e5n regeringen.<\/p>\n<p>\u2013 Det kommer att hj\u00e4lpa oss att ytterligare bek\u00e4mpa v\u00e5ldet h\u00e4r i New Orleans och p\u00e5 andra h\u00e5ll i Louisiana, s\u00e4ger han till tv-kanalen Fox News.<\/p>\n","protected":false},"excerpt":{"rendered":"Gardisterna kommer bland annat bist\u00e5 polisen i syfte att f\u00f6rhindra v\u00e5ldsbrott och uppges bli kvar i staden till&hellip;\n","protected":false},"author":2,"featured_media":2360,"comment_status":"","ping_status":"","sticky":false,"template":"","format":"standard","meta":{"footnotes":""},"categories":[14],"tags":[22,23,26,27,17,21,24,25,28,29,15,16,18,34,31,33,32,30,19,20,51,52,53,54],"class_list":{"0":"post-116364","1":"post","2":"type-post","3":"status-publish","4":"format-standard","5":"has-post-thumbnail","7":"category-varlden","8":"tag-breaking-news","9":"tag-breakingnews","10":"tag-featured-news","11":"tag-featurednews","12":"tag-headlines","13":"tag-huvudnyheter","14":"tag-latest-news","15":"tag-latestnews","16":"tag-main-news","17":"tag-mainnews","18":"tag-news","19":"tag-nyheter","20":"tag-rubriker","21":"tag-se","22":"tag-svenska","23":"tag-sverige","24":"tag-sweden","25":"tag-swedish","26":"tag-top-stories","27":"tag-topstories","28":"tag-varlden","29":"tag-world","30":"tag-world-news","31":"tag-worldnews"},"share_on_mastodon":{"url":"https:\/\/pubeurope.com\/@se\/115779526021611434","error":""},"_links":{"self":[{"href":"https:\/\/www.europesays.com\/se\/wp-json\/wp\/v2\/posts\/116364","targetHints":{"allow":["GET"]}}],"collection":[{"href":"https:\/\/www.europesays.com\/se\/wp-json\/wp\/v2\/posts"}],"about":[{"href":"https:\/\/www.europesays.com\/se\/wp-json\/wp\/v2\/types\/post"}],"author":[{"embeddable":true,"href":"https:\/\/www.europesays.com\/se\/wp-json\/wp\/v2\/users\/2"}],"replies":[{"embeddable":true,"href":"https:\/\/www.europesays.com\/se\/wp-json\/wp\/v2\/comments?post=116364"}],"version-history":[{"count":0,"href":"https:\/\/www.europesays.com\/se\/wp-json\/wp\/v2\/posts\/116364\/revisions"}],"wp:featuredmedia":[{"embeddable":true,"href":"https:\/\/www.europesays.com\/se\/wp-json\/wp\/v2\/media\/2360"}],"wp:attachment":[{"href":"https:\/\/www.europesays.com\/se\/wp-json\/wp\/v2\/media?parent=116364"}],"wp:term":[{"taxonomy":"category","embeddable":true,"href":"https:\/\/www.europesays.com\/se\/wp-json\/wp\/v2\/categories?post=116364"},{"taxonomy":"post_tag","embeddable":true,"href":"https:\/\/www.europesays.com\/se\/wp-json\/wp\/v2\/tags?post=116364"}],"curies":[{"name":"wp","href":"https:\/\/api.w.org\/{rel}","templated":true}]}}