{"id":116380,"date":"2025-12-25T09:52:11","date_gmt":"2025-12-25T09:52:11","guid":{"rendered":"https:\/\/www.europesays.com\/se\/116380\/"},"modified":"2025-12-25T09:52:11","modified_gmt":"2025-12-25T09:52:11","slug":"paret-gomde-191-lik-kan-fa-50-ars-fangelse","status":"publish","type":"post","link":"https:\/\/www.europesays.com\/se\/116380\/","title":{"rendered":"Paret g\u00f6mde 191 lik \u2013\nkan f\u00e5 50 \u00e5rs f\u00e4ngelse"},"content":{"rendered":"<p>Publicerad 25 dec 2025 kl 09.58<\/p>\n<p>Jon och Carie Hallford drev en begravningsbyr\u00e5.<\/p>\n<p>Men de begravde inte alla kroppar.<\/p>\n<p>I st\u00e4llet f\u00f6rvarade de 191 lik i byr\u00e5ns lokaler \u2013 vissa av dem i flera \u00e5r.<\/p>\n<p>Nu riskerar paret upp till 50 \u00e5r i f\u00e4ngelse.<\/p>\n<p><img   alt=\"\"\/><\/p>\n<p>Parets brott uppt\u00e4cktes f\u00f6r drygt tv\u00e5 \u00e5r sedan.<\/p>\n<p>Foto: AP TT NYHETSBYR\u00c5N<\/p>\n<p>\u00d6ppna bild i helsk\u00e4rm<img loading=\"lazy\"   alt=\"\"\/><\/p>\n<p>Anh\u00f6riga vill se 191 \u00e5rs f\u00e4ngelse \u2013 ett \u00e5r f\u00f6r varje lik.<\/p>\n<p>Foto: CHRISTIAN MURDOCK \/ AP TT NYHETSBYR\u00c5N<\/p>\n<p>\u00d6ppna bild i helsk\u00e4rm<\/p>\n<p>H\u00f6sten 2023 gjordes en makaber uppt\u00e4ckt i begravningsbyr\u00e5n Return to Natures lokaler i Colorado Springs.<\/p>\n<p>Grannar hade larmat om en \u00e4cklig stank som kom fr\u00e5n begravningsbyr\u00e5n. N\u00e4r polisen kom dit uppt\u00e4ckte man 191 lik som f\u00f6rvarats i lokalerna. Vissa av dem tros ha legat d\u00e4r i flera \u00e5r.<\/p>\n<p>Anh\u00f6riga som anlitat begravningsbyr\u00e5n har i st\u00e4llet f\u00f6r kvarlevor f\u00e5tt torr betong i urnorna.\u00a0<\/p>\n<p>Paret som drev begravningsbyr\u00e5n, Jon och Carie Hallford, greps direkt. Sedan dess har en l\u00e5ng r\u00e4ttsprocess haft sin g\u00e5ng och Halford-makarna erk\u00e4nde brotten i november f\u00f6rra \u00e5ret.<\/p>\n<p>\u2013 Jag visste hur illa det var men valde att inte g\u00f6ra n\u00e5got \u00e5t \u200b\u200bdet, sa Carie Hallford under f\u00f6rhandlingen.<\/p>\n<p>Anh\u00f6rigas sorg<\/p>\n<p>Nu har domaren accepterat en f\u00f6rlikning i fallet, vilket inneb\u00e4r att Jon Hallford kan d\u00f6mas till mellan 30 till 50 \u00e5rs f\u00e4ngelse, och Carie Hallford till mellan 25 till 35 \u00e5r. Ut\u00f6ver behandlingen av liken har paret redan d\u00f6mts f\u00f6r flera fall av bedr\u00e4geri.<\/p>\n<p>M\u00e5nga av de anh\u00f6riga till de d\u00f6da hade dock velat se h\u00f6gre f\u00e4ngelsestraff och hoppades p\u00e5 191 \u00e5r i f\u00e4ngelse f\u00f6r paret \u2013 ett \u00e5r f\u00f6r varje lik Hallford-makarna hade undvikit att begrava.<\/p>\n<p>\u2013 V\u00e5rt lidande tar aldrig slut. Vi kommer lida resten av livet nu n\u00e4r vi vet vad som har h\u00e4nt, s\u00e4ger en anh\u00f6rig till lokalkanalen <a href=\"https:\/\/www.denver7.com\/news\/local-news\/judge-accepts-plea-deal-in-return-to-nature-funeral-home-case-where-nearly-200-bodies-were-improperly-stored\" rel=\"nofollow noopener\" target=\"_blank\">Denver7<\/a>.<\/p>\n<p>\u201dAllt gick snett\u201d<\/p>\n<p>Det \u00e4r oklart vad Jon och Carie Halford har haft f\u00f6r motiv till att samla liken p\u00e5 h\u00f6g. De verkar dock \u00e5ngra sig, och s\u00e4ger att \u201dallt sp\u00e5rade ur\u201d.<\/p>\n<p>\u2013 Jag \u00e4r s\u00e5 fruktansv\u00e4rt ledsen f\u00f6r mina handlingar. Jag hatar fortfarande mig sj\u00e4lv f\u00f6r vad jag har gjort, sa Jon Hallford under ett f\u00f6rh\u00f6r i somras.\u00a0<\/p>\n","protected":false},"excerpt":{"rendered":"Publicerad 25 dec 2025 kl 09.58 Jon och Carie Hallford drev en begravningsbyr\u00e5. Men de begravde inte alla&hellip;\n","protected":false},"author":2,"featured_media":116381,"comment_status":"","ping_status":"","sticky":false,"template":"","format":"standard","meta":{"footnotes":""},"categories":[14],"tags":[22,23,26,27,17,21,24,25,45,28,29,15,16,18,34,55,31,33,32,30,19,20,51,52,53,54],"class_list":{"0":"post-116380","1":"post","2":"type-post","3":"status-publish","4":"format-standard","5":"has-post-thumbnail","7":"category-varlden","8":"tag-breaking-news","9":"tag-breakingnews","10":"tag-featured-news","11":"tag-featurednews","12":"tag-headlines","13":"tag-huvudnyheter","14":"tag-latest-news","15":"tag-latestnews","16":"tag-location-usa","17":"tag-main-news","18":"tag-mainnews","19":"tag-news","20":"tag-nyheter","21":"tag-rubriker","22":"tag-se","23":"tag-sections-varlden","24":"tag-svenska","25":"tag-sverige","26":"tag-sweden","27":"tag-swedish","28":"tag-top-stories","29":"tag-topstories","30":"tag-varlden","31":"tag-world","32":"tag-world-news","33":"tag-worldnews"},"share_on_mastodon":{"url":"https:\/\/pubeurope.com\/@se\/115779596869374561","error":""},"_links":{"self":[{"href":"https:\/\/www.europesays.com\/se\/wp-json\/wp\/v2\/posts\/116380","targetHints":{"allow":["GET"]}}],"collection":[{"href":"https:\/\/www.europesays.com\/se\/wp-json\/wp\/v2\/posts"}],"about":[{"href":"https:\/\/www.europesays.com\/se\/wp-json\/wp\/v2\/types\/post"}],"author":[{"embeddable":true,"href":"https:\/\/www.europesays.com\/se\/wp-json\/wp\/v2\/users\/2"}],"replies":[{"embeddable":true,"href":"https:\/\/www.europesays.com\/se\/wp-json\/wp\/v2\/comments?post=116380"}],"version-history":[{"count":0,"href":"https:\/\/www.europesays.com\/se\/wp-json\/wp\/v2\/posts\/116380\/revisions"}],"wp:featuredmedia":[{"embeddable":true,"href":"https:\/\/www.europesays.com\/se\/wp-json\/wp\/v2\/media\/116381"}],"wp:attachment":[{"href":"https:\/\/www.europesays.com\/se\/wp-json\/wp\/v2\/media?parent=116380"}],"wp:term":[{"taxonomy":"category","embeddable":true,"href":"https:\/\/www.europesays.com\/se\/wp-json\/wp\/v2\/categories?post=116380"},{"taxonomy":"post_tag","embeddable":true,"href":"https:\/\/www.europesays.com\/se\/wp-json\/wp\/v2\/tags?post=116380"}],"curies":[{"name":"wp","href":"https:\/\/api.w.org\/{rel}","templated":true}]}}