{"id":116399,"date":"2025-12-25T10:15:28","date_gmt":"2025-12-25T10:15:28","guid":{"rendered":"https:\/\/www.europesays.com\/se\/116399\/"},"modified":"2025-12-25T10:15:28","modified_gmt":"2025-12-25T10:15:28","slug":"150-miljoner-till-gardsbiogas-nytt-stod-i-klimatklivet","status":"publish","type":"post","link":"https:\/\/www.europesays.com\/se\/116399\/","title":{"rendered":"150 miljoner till g\u00e5rdsbiogas \u2013 nytt st\u00f6d i Klimatklivet"},"content":{"rendered":"<p>Utebliven tidning eller hj\u00e4lp med din prenumeration? G\u00e5 till Mina Sidor<\/p>\n<p>Ring kundservice 010-184 40 88 eller mejla\u00a0<a href=\"https:\/\/www.landlantbruk.se\/mailto:kundservice@lrfmedia.se\" rel=\"noopener noreferrer nofollow\" target=\"_blank\" style=\"color: var(--color-dark-red);\">kundservice@lrfmedia.se<\/a><\/p>\n<p>Annonsera? <a href=\"https:\/\/ocast.com\/se\/land-lantbruk\/\" rel=\"noopener noreferrer nofollow\" target=\"_blank\">Klicka h\u00e4r<\/a><\/p>\n<p>Vill du platsannonsera? Ring 010-184 40 97 eller mejla\u00a0<a href=\"https:\/\/www.landlantbruk.se\/mailto:platsannonsera@lrfmedia.se\" rel=\"noopener noreferrer nofollow\" target=\"_blank\" style=\"color: var(--color-dark-red);\">platsannonsera@lrfmedia.se<\/a><\/p>\n<p>Vill du skicka in en debattartikel? Mejla\u00a0<a href=\"https:\/\/www.landlantbruk.se\/mailto:debatt@landlantbruk.se\" rel=\"noopener noreferrer nofollow\" target=\"_blank\" style=\"color: var(--color-dark-red);\">debatt@landlantbruk.se<\/a><\/p>\n<p>Detta material \u00e4r skyddat enligt lagen om upphovsr\u00e4tt. Kopiering f\u00f6r annat \u00e4n privat bruk \u00e4r f\u00f6rbjudet.<\/p>\n<p>LRF Media AB 113 92 Stockholm, Organisationsnummer: 556413-2883<\/p>\n<p>Ansvarig utgivare: <a href=\"https:\/\/www.landlantbruk.se\/mailto:joel.linderoth@lrfmedia.se\" rel=\"noopener noreferrer nofollow\" target=\"_blank\">Joel Linderoth<\/a><\/p>\n","protected":false},"excerpt":{"rendered":"Utebliven tidning eller hj\u00e4lp med din prenumeration? G\u00e5 till Mina Sidor Ring kundservice 010-184 40 88 eller mejla\u00a0kundservice@lrfmedia.se&hellip;\n","protected":false},"author":2,"featured_media":116400,"comment_status":"","ping_status":"","sticky":false,"template":"","format":"standard","meta":{"footnotes":""},"categories":[65],"tags":[72,70,71,34,31,33,32,30],"class_list":{"0":"post-116399","1":"post","2":"type-post","3":"status-publish","4":"format-standard","5":"has-post-thumbnail","7":"category-ekonomi","8":"tag-business","9":"tag-economy","10":"tag-ekonomi","11":"tag-se","12":"tag-svenska","13":"tag-sverige","14":"tag-sweden","15":"tag-swedish"},"share_on_mastodon":{"url":"https:\/\/pubeurope.com\/@se\/115779687100061627","error":""},"_links":{"self":[{"href":"https:\/\/www.europesays.com\/se\/wp-json\/wp\/v2\/posts\/116399","targetHints":{"allow":["GET"]}}],"collection":[{"href":"https:\/\/www.europesays.com\/se\/wp-json\/wp\/v2\/posts"}],"about":[{"href":"https:\/\/www.europesays.com\/se\/wp-json\/wp\/v2\/types\/post"}],"author":[{"embeddable":true,"href":"https:\/\/www.europesays.com\/se\/wp-json\/wp\/v2\/users\/2"}],"replies":[{"embeddable":true,"href":"https:\/\/www.europesays.com\/se\/wp-json\/wp\/v2\/comments?post=116399"}],"version-history":[{"count":0,"href":"https:\/\/www.europesays.com\/se\/wp-json\/wp\/v2\/posts\/116399\/revisions"}],"wp:featuredmedia":[{"embeddable":true,"href":"https:\/\/www.europesays.com\/se\/wp-json\/wp\/v2\/media\/116400"}],"wp:attachment":[{"href":"https:\/\/www.europesays.com\/se\/wp-json\/wp\/v2\/media?parent=116399"}],"wp:term":[{"taxonomy":"category","embeddable":true,"href":"https:\/\/www.europesays.com\/se\/wp-json\/wp\/v2\/categories?post=116399"},{"taxonomy":"post_tag","embeddable":true,"href":"https:\/\/www.europesays.com\/se\/wp-json\/wp\/v2\/tags?post=116399"}],"curies":[{"name":"wp","href":"https:\/\/api.w.org\/{rel}","templated":true}]}}