{"id":116401,"date":"2025-12-25T10:17:25","date_gmt":"2025-12-25T10:17:25","guid":{"rendered":"https:\/\/www.europesays.com\/se\/116401\/"},"modified":"2025-12-25T10:17:25","modified_gmt":"2025-12-25T10:17:25","slug":"dalig-arbetsmiljo-i-strangnas-hemtjanst","status":"publish","type":"post","link":"https:\/\/www.europesays.com\/se\/116401\/","title":{"rendered":"D\u00e5lig arbetsmilj\u00f6 i Str\u00e4ngn\u00e4s hemtj\u00e4nst"},"content":{"rendered":"<p class=\"long-read-first-paragraph\">Tidningen har vid flera tillf\u00e4llen under det senaste \u00e5ret skrivit om stora problem och brister inom det privata bolaget Eveos hemtj\u00e4nst. Nu kommer larm \u00e4ven fr\u00e5n personal inom den kommunala hemtj\u00e4nsten.\u2013 Det \u00e4r bara stress. Det \u00e4r sv\u00e5rt att kliva innanf\u00f6r d\u00f6rrarna, du k\u00e4nner stressen i luften. Man vill inte ens logga in p\u00e5 telefonen och se hur mycket man har att g\u00f6ra,<\/p>\n","protected":false},"excerpt":{"rendered":"Tidningen har vid flera tillf\u00e4llen under det senaste \u00e5ret skrivit om stora problem och brister inom det privata&hellip;\n","protected":false},"author":2,"featured_media":116402,"comment_status":"","ping_status":"","sticky":false,"template":"","format":"standard","meta":{"footnotes":""},"categories":[12],"tags":[22,23,26,27,17,21,24,25,28,29,15,16,18,34,31,33,32,30,19,20],"class_list":{"0":"post-116401","1":"post","2":"type-post","3":"status-publish","4":"format-standard","5":"has-post-thumbnail","7":"category-sverige","8":"tag-breaking-news","9":"tag-breakingnews","10":"tag-featured-news","11":"tag-featurednews","12":"tag-headlines","13":"tag-huvudnyheter","14":"tag-latest-news","15":"tag-latestnews","16":"tag-main-news","17":"tag-mainnews","18":"tag-news","19":"tag-nyheter","20":"tag-rubriker","21":"tag-se","22":"tag-svenska","23":"tag-sverige","24":"tag-sweden","25":"tag-swedish","26":"tag-top-stories","27":"tag-topstories"},"share_on_mastodon":{"url":"https:\/\/pubeurope.com\/@se\/115779695032022883","error":""},"_links":{"self":[{"href":"https:\/\/www.europesays.com\/se\/wp-json\/wp\/v2\/posts\/116401","targetHints":{"allow":["GET"]}}],"collection":[{"href":"https:\/\/www.europesays.com\/se\/wp-json\/wp\/v2\/posts"}],"about":[{"href":"https:\/\/www.europesays.com\/se\/wp-json\/wp\/v2\/types\/post"}],"author":[{"embeddable":true,"href":"https:\/\/www.europesays.com\/se\/wp-json\/wp\/v2\/users\/2"}],"replies":[{"embeddable":true,"href":"https:\/\/www.europesays.com\/se\/wp-json\/wp\/v2\/comments?post=116401"}],"version-history":[{"count":0,"href":"https:\/\/www.europesays.com\/se\/wp-json\/wp\/v2\/posts\/116401\/revisions"}],"wp:featuredmedia":[{"embeddable":true,"href":"https:\/\/www.europesays.com\/se\/wp-json\/wp\/v2\/media\/116402"}],"wp:attachment":[{"href":"https:\/\/www.europesays.com\/se\/wp-json\/wp\/v2\/media?parent=116401"}],"wp:term":[{"taxonomy":"category","embeddable":true,"href":"https:\/\/www.europesays.com\/se\/wp-json\/wp\/v2\/categories?post=116401"},{"taxonomy":"post_tag","embeddable":true,"href":"https:\/\/www.europesays.com\/se\/wp-json\/wp\/v2\/tags?post=116401"}],"curies":[{"name":"wp","href":"https:\/\/api.w.org\/{rel}","templated":true}]}}