{"id":116412,"date":"2025-12-25T10:28:17","date_gmt":"2025-12-25T10:28:17","guid":{"rendered":"https:\/\/www.europesays.com\/se\/116412\/"},"modified":"2025-12-25T10:28:17","modified_gmt":"2025-12-25T10:28:17","slug":"danielle-collins-fryser-in-sina-agg-missar-stortavlingen-tennis","status":"publish","type":"post","link":"https:\/\/www.europesays.com\/se\/116412\/","title":{"rendered":"Danielle Collins fryser in sina \u00e4gg \u2013\nmissar stort\u00e4vlingen | Tennis"},"content":{"rendered":"<p>Publicerad 24 dec 2025 kl 20.18<\/p>\n<p>Det blir inget Australian Open f\u00f6r Danielle Collins, 32.<\/p>\n<p>Anledningen \u00e4r att hon h\u00e5ller p\u00e5 att frysa in sina \u00e4gg.<\/p>\n<p>\u201dDet har varit n\u00e5got av det h\u00e4ftigaste jag har gjort, men samtidigt har det var en riktigt jobbigt med alla hormoner\u201d, skriver hon p\u00e5 Instagram.<\/p>\n<p><img   alt=\"\"\/><\/p>\n<p>Danielle Collins.<\/p>\n<p>Foto: FRANCIS MASCARENHAS \/ BILDBYR\u00c5N<\/p>\n<p>\u00d6ppna bild i helsk\u00e4rm<img loading=\"lazy\"   alt=\"\"\/><\/p>\n<p>Collins kommer inte att st\u00e4lla upp i Australian Open.<\/p>\n<p>Foto: ALEKSANDRA SZMIGIEL \/ BILDBYR\u00c5N<\/p>\n<p>\u00d6ppna bild i helsk\u00e4rm<img loading=\"lazy\"   alt=\"\"\/> <\/p>\n<p>Foto: TOBY MELVILLE \/ BILDBYR\u00c5N<\/p>\n<p>\u00d6ppna bild i helsk\u00e4rm<\/p>\n<p>Efter US Open i augusti har Danielle Collins inte spelat n\u00e5gon match p\u00e5 grund av en ryggskada. Nu meddelar hon att hon kommer att bli borta en period och missa Australian Open som b\u00f6rjar i mitten av januari.\u00a0<\/p>\n<p>Amerikanskan skriver p\u00e5 <a href=\"https:\/\/www.instagram.com\/p\/DSlNvXQEQnA\/\" rel=\"nofollow noopener\" target=\"_blank\">Instagram<\/a> att hon h\u00e5ller p\u00e5 att frysa in sina \u00e4gg:<\/p>\n<p>\u201dJag har genomg\u00e5tt n\u00e5gra ingrepp f\u00f6r att frysa in mina \u00e4gg. Det har varit n\u00e5got av det h\u00e4ftigaste jag har gjort, men samtidigt har det var en riktigt jobbigt med alla hormoner. Jag \u00e4r lyckligt lottad med v\u00e4nner som tagit hand om mig under tiden. Jag har ett ingrepp kvar. I och med det kommer jag inte att t\u00e4vla under den f\u00f6rsta delen av \u00e5ret.\u201d<\/p>\n<p>Gjorde en helomv\u00e4ndning<\/p>\n<p>Collins har tidigare ber\u00e4ttat att hon har diagnosticerats med endometrios.\u00a0<\/p>\n<p>I b\u00f6rjan av 2024 meddelade hon att det \u00e5ret skulle bli hennes sista p\u00e5 proffstouren och att hon skulle fokusera p\u00e5 att hantera sin kroniska sjukdom.<\/p>\n<p>Men amerikanskan, som \u00e4r rankad 64 i v\u00e4rlden, gjorde en helomv\u00e4ndning mindre \u00e4n ett \u00e5r senare och ber\u00e4ttade att hon skulle t\u00e4vla igen.<\/p>\n<p>I \u00e5r blev det bara 29 matcher f\u00f6r Danielle Collins som nu allts\u00e5 blir borta fr\u00e5n spel ytterligare ett tag.<\/p>\n<p><a href=\"https:\/\/www.instagram.com\/p\/DSlNvXQEQnA\/?img_index=1\" data-provider=\"instagram\" class=\"js-social-embed\" rel=\"nofollow noopener\" target=\"_blank\">https:\/\/www.instagram.com\/p\/DSlNvXQEQnA\/?img_index=1<\/a><a href=\"https:\/\/www.instagram.com\/p\/DRHw50vEcUU\/?img_index=1\" data-provider=\"instagram\" class=\"js-social-embed\" rel=\"nofollow noopener\" target=\"_blank\">https:\/\/www.instagram.com\/p\/DRHw50vEcUU\/?img_index=1<\/a><strong>L\u00c4S MER: <\/strong><a href=\"https:\/\/www.expressen.se\/sport\/tennis\/danielle-collins-vacker-reaktioner-med-sitt-beteende\/\" class=\"\" rel=\"nofollow noopener\" target=\"_blank\">Danielle Collins v\u00e4cker reaktioner med sitt beteende<\/a><script async src=\"\/\/www.instagram.com\/embed.js\"><\/script><\/p>\n","protected":false},"excerpt":{"rendered":"Publicerad 24 dec 2025 kl 20.18 Det blir inget Australian Open f\u00f6r Danielle Collins, 32. Anledningen \u00e4r att&hellip;\n","protected":false},"author":2,"featured_media":116413,"comment_status":"","ping_status":"","sticky":false,"template":"","format":"standard","meta":{"footnotes":""},"categories":[68],"tags":[12545,34,307,111,110,31,33,32,30],"class_list":{"0":"post-116412","1":"post","2":"type-post","3":"status-publish","4":"format-standard","5":"has-post-thumbnail","7":"category-sport","8":"tag-organization-australian-open","9":"tag-se","10":"tag-sections-tennis","11":"tag-sport","12":"tag-sports","13":"tag-svenska","14":"tag-sverige","15":"tag-sweden","16":"tag-swedish"},"share_on_mastodon":{"url":"https:\/\/pubeurope.com\/@se\/115779738264073900","error":""},"_links":{"self":[{"href":"https:\/\/www.europesays.com\/se\/wp-json\/wp\/v2\/posts\/116412","targetHints":{"allow":["GET"]}}],"collection":[{"href":"https:\/\/www.europesays.com\/se\/wp-json\/wp\/v2\/posts"}],"about":[{"href":"https:\/\/www.europesays.com\/se\/wp-json\/wp\/v2\/types\/post"}],"author":[{"embeddable":true,"href":"https:\/\/www.europesays.com\/se\/wp-json\/wp\/v2\/users\/2"}],"replies":[{"embeddable":true,"href":"https:\/\/www.europesays.com\/se\/wp-json\/wp\/v2\/comments?post=116412"}],"version-history":[{"count":0,"href":"https:\/\/www.europesays.com\/se\/wp-json\/wp\/v2\/posts\/116412\/revisions"}],"wp:featuredmedia":[{"embeddable":true,"href":"https:\/\/www.europesays.com\/se\/wp-json\/wp\/v2\/media\/116413"}],"wp:attachment":[{"href":"https:\/\/www.europesays.com\/se\/wp-json\/wp\/v2\/media?parent=116412"}],"wp:term":[{"taxonomy":"category","embeddable":true,"href":"https:\/\/www.europesays.com\/se\/wp-json\/wp\/v2\/categories?post=116412"},{"taxonomy":"post_tag","embeddable":true,"href":"https:\/\/www.europesays.com\/se\/wp-json\/wp\/v2\/tags?post=116412"}],"curies":[{"name":"wp","href":"https:\/\/api.w.org\/{rel}","templated":true}]}}