{"id":116424,"date":"2025-12-25T10:38:17","date_gmt":"2025-12-25T10:38:17","guid":{"rendered":"https:\/\/www.europesays.com\/se\/116424\/"},"modified":"2025-12-25T10:38:17","modified_gmt":"2025-12-25T10:38:17","slug":"graham-potters-beslut-om-sverige-nar-han-firar-jul","status":"publish","type":"post","link":"https:\/\/www.europesays.com\/se\/116424\/","title":{"rendered":"Graham Potters beslut om Sverige \u2013 n\u00e4r han firar jul"},"content":{"rendered":"<p>Publicerad 24 dec 2025 kl 17.19<\/p>\n<p>Det har g\u00e5tt sju \u00e5r sedan Graham Potter och hans familj l\u00e4mnade Sverige.<\/p>\n<p>Julen firas i England.<\/p>\n<p>Men banden till Sverige \u00e4r t\u00e4ta.<\/p>\n<p>\u2013 Om jag gissar tror jag att han kommer att bo h\u00e4r under n\u00e5gon period i sitt liv, s\u00e4ger Potter om sin \u00e4ldste son.<\/p>\n<p>Han kan vara tillbaka mot Ukraina<img   alt=\"\"\/><\/p>\n<p>Grama Potter.<\/p>\n<p>Foto: OLLE SPORRONG<\/p>\n<p>\u00d6ppna bild i helsk\u00e4rm<\/p>\n<p>I november uts\u00e5gs <a href=\"https:\/\/www.expressen.se\/tagg\/person\/graham-potter\/\" class=\"\" rel=\"nofollow noopener\" target=\"_blank\">Graham Potter<\/a> till ny f\u00f6rbundskapten f\u00f6r Sveriges herrlandslag efter Jon Dahl Tomassons kraschlandning i VM-kvalet.<\/p>\n<p>Tv\u00e5 matcher hann han med \u2013 f\u00f6rlust mot Schweiz och kryss mot Slovenien \u2013 innan siktet st\u00e4lldes om till v\u00e5rens play-off. D\u00e5 v\u00e4ntar Ukraina i Valencia, till att b\u00f6rja med, och en jakt p\u00e5 VM-biljett.<\/p>\n<p>F\u00f6rst v\u00e4ntar en kortare ledighet. Men Potter, som har ett hus i svenska fj\u00e4llen, v\u00e4ljer bort Sverige f\u00f6r sitt hemland.<\/p>\n<p>\u2013 Jag kommer att vara i England. Jag firar h\u00e4r i dag med folk p\u00e5 kontoret, vi har julbord, s\u00e4ger han n\u00e4r Expressen tr\u00e4ffar honom i b\u00f6rjan av december.\u00a0<\/p>\n<p>\u2013 Min fru \u00e4r fr\u00e5n Leeds, s\u00e5 vi \u00e4r i York. I b\u00f6rjan av \u00e5ret \u00e5ker jag till Italien f\u00f6r att tr\u00e4ffa n\u00e5gra av spelarna d\u00e4r. Och sen tillbaka till Sverige.<\/p>\n<p><strong>Hur mycket tid har du varit i \u00d6stersund sen du l\u00e4mnade f\u00f6r Swansea?<\/strong><\/p>\n<p>\u2013 Jag har varit tillbaka n\u00e5gra g\u00e5nger. Jag var p\u00e5 Storsj\u00f6yran ett \u00e5r, eftersom jag missade att g\u00e5 dit n\u00e4r vi bodde d\u00e4r. Sedan har vi ju v\u00e5rt hus, s\u00e5 min fru och barnen \u00e5ker dit och \u00e5ker skidor d\u00e5 och d\u00e5. Om jag jobbar \u00e4r de d\u00e4r utan mig.<\/p>\n<p><img loading=\"lazy\"   alt=\"\"\/><\/p>\n<p>Graham Potter.<\/p>\n<p>Foto: JOEL MARKLUND \/ BILDBYR\u00c5N<\/p>\n<p>\u00d6ppna bild i helsk\u00e4rm<\/p>\n<p><strong>Var det viktigt att beh\u00e5lla ett hus i Sverige?<\/strong><\/p>\n<p>\u2013 Ja, f\u00f6r mig var det det. Det var en del av beslutet n\u00e4r vi k\u00f6pte det. Sverige \u00e4r en enorm del av mitt liv, och det k\u00e4ndes fint f\u00f6r barnen.\u00a0<\/p>\n<p>\u201dHan tittade p\u00e5 Murders in \u00c5re\u201d<\/p>\n<p>Familjen Potter best\u00e5r ut\u00f6ver Graham och hans fru Rachel av tre s\u00f6ner. Tv\u00e5 av dem, tvillingar, f\u00f6ddes under tiden i Sverige, men minns inte mycket av sin korta period i landet.<\/p>\n<p>\u00a0\u2013 Nu \u00e4r de bara superexalterade \u00f6ver att se fotboll h\u00e4r med sina nya matchtr\u00f6jor, s\u00e4ger Potter.\u00a0<\/p>\n<p><strong>Gillar de allsvenskan eller superettan?<\/strong><\/p>\n<p>\u2013 Inte \u00e4n. Jag tog faktiskt med dem p\u00e5 en \u00d6stersund-match. De tyckte v\u00e4l att det var lite annorlunda. Det var inte som Chelsea. Inte lika mycket buande!<\/p>\n<p>Tvillingarnas storebror d\u00e4remot har en stark koppling till Sverige, menar f\u00f6rbundskaptenen.<\/p>\n<p>\u2013 Han var ju sju \u00e5r n\u00e4r vi l\u00e4mnade. Han k\u00e4nns svensk p\u00e5 ett s\u00e4tt, s\u00e4ger Potter.<\/p>\n<p><strong>Hur m\u00e4rks det?<\/strong><\/p>\n<p>\u2013 Han tittar en del p\u00e5 svensk tv. Han kollar p\u00e5 Murders in \u00c5re (\u00c5remorden, en Netflix-serie, reds. anm.). Jag var v\u00e4l inte var \u00f6verdrivet glad \u00f6ver att han tittade p\u00e5 det, om jag ska vara helt \u00e4rlig, s\u00e4ger Potter.<\/p>\n<p>Annons<\/p>\n<p>\u2013 Han interagerar med svenska saker p\u00e5 sina appar. Och han var flytande i svenska n\u00e4r vi l\u00e4mnade. Men nu \u00e4r det borta. Men jag tror han f\u00f6rst\u00e5r n\u00e4r han h\u00f6r. Han f\u00f6rst\u00e5r det mesta. Om jag gissar tror jag att han kommer att bo h\u00e4r under n\u00e5gon period i sitt liv.<\/p>\n<p>F\u00f6rbundskaptenen sj\u00e4lv jobbar p\u00e5 att f\u00f6rb\u00e4ttra sina egna spr\u00e5kkunskaper. Till sin hj\u00e4lp har han en app \u2013 och Susanne, en svenskl\u00e4rarinna i England.<\/p>\n<p>\u2013 Hon \u00e4r svensk men bor i England. Jag h\u00e5ller mest p\u00e5 med appen. Jag tycker att det blir b\u00e4ttre, men n\u00e4r jag kommer hit och b\u00f6rjar prata med folk t\u00e4nker jag bara: Herregud. Jag k\u00e4nner mig s\u00e5 inkompetent. Men som en del av det h\u00e4r ville jag \u00f6va p\u00e5 det varje dag. Men att konversera ordentligt.\u00a0<\/p>\n<p>Potter himlar med \u00f6gonen och suckar \u00e5t sin egen of\u00f6rm\u00e5ga.<\/p>\n<p>\u2013 Men jag tycker det \u00e4r roligt.<\/p>\n","protected":false},"excerpt":{"rendered":"Publicerad 24 dec 2025 kl 17.19 Det har g\u00e5tt sju \u00e5r sedan Graham Potter och hans familj l\u00e4mnade&hellip;\n","protected":false},"author":2,"featured_media":116425,"comment_status":"","ping_status":"","sticky":false,"template":"","format":"standard","meta":{"footnotes":""},"categories":[68],"tags":[4242,34,129,146,111,110,31,33,32,30],"class_list":{"0":"post-116424","1":"post","2":"type-post","3":"status-publish","4":"format-standard","5":"has-post-thumbnail","7":"category-sport","8":"tag-person-graham-potter","9":"tag-se","10":"tag-sections-fotboll","11":"tag-sections-landslaget","12":"tag-sport","13":"tag-sports","14":"tag-svenska","15":"tag-sverige","16":"tag-sweden","17":"tag-swedish"},"share_on_mastodon":{"url":"https:\/\/pubeurope.com\/@se\/115779777611946324","error":""},"_links":{"self":[{"href":"https:\/\/www.europesays.com\/se\/wp-json\/wp\/v2\/posts\/116424","targetHints":{"allow":["GET"]}}],"collection":[{"href":"https:\/\/www.europesays.com\/se\/wp-json\/wp\/v2\/posts"}],"about":[{"href":"https:\/\/www.europesays.com\/se\/wp-json\/wp\/v2\/types\/post"}],"author":[{"embeddable":true,"href":"https:\/\/www.europesays.com\/se\/wp-json\/wp\/v2\/users\/2"}],"replies":[{"embeddable":true,"href":"https:\/\/www.europesays.com\/se\/wp-json\/wp\/v2\/comments?post=116424"}],"version-history":[{"count":0,"href":"https:\/\/www.europesays.com\/se\/wp-json\/wp\/v2\/posts\/116424\/revisions"}],"wp:featuredmedia":[{"embeddable":true,"href":"https:\/\/www.europesays.com\/se\/wp-json\/wp\/v2\/media\/116425"}],"wp:attachment":[{"href":"https:\/\/www.europesays.com\/se\/wp-json\/wp\/v2\/media?parent=116424"}],"wp:term":[{"taxonomy":"category","embeddable":true,"href":"https:\/\/www.europesays.com\/se\/wp-json\/wp\/v2\/categories?post=116424"},{"taxonomy":"post_tag","embeddable":true,"href":"https:\/\/www.europesays.com\/se\/wp-json\/wp\/v2\/tags?post=116424"}],"curies":[{"name":"wp","href":"https:\/\/api.w.org\/{rel}","templated":true}]}}