{"id":116441,"date":"2025-12-25T10:58:35","date_gmt":"2025-12-25T10:58:35","guid":{"rendered":"https:\/\/www.europesays.com\/se\/116441\/"},"modified":"2025-12-25T10:58:35","modified_gmt":"2025-12-25T10:58:35","slug":"ar-inte-nara-borlange-karleken-borlange-tidning","status":"publish","type":"post","link":"https:\/\/www.europesays.com\/se\/116441\/","title":{"rendered":"\u201d\u00c4r inte n\u00e4ra Borl\u00e4nge-k\u00e4rleken\u201d \u2013 Borl\u00e4nge Tidning"},"content":{"rendered":"<p>Han har rotat sig i Link\u00f6ping och kliver snart tillbaka in i elitfotbollen f\u00f6r f\u00f6rsta g\u00e5ngen sedan 2021. <\/p>\n<p>\u00c5tta \u00e5r har g\u00e5tt sedan Adil Dzuho Kizil l\u00e4mnade Borl\u00e4nge och b\u00f6rjade uppt\u00e4cka andra sidor av landet, livet och sig sj\u00e4lv. <\/p>\n<p>Men man kan aldrig ta Dalarna ur en mas, konstaterar han sj\u00e4lv. <\/p>\n<p>\u2013 Det kommer aldrig att bli den typen av n\u00e4rhet och k\u00e4rlek som Borl\u00e4nge hade, s\u00e4ger 41-\u00e5ringen. <\/p>\n<p>Under n\u00e5gra intensiva, och framg\u00e5ngsrika, \u00e5r mellan 2014 och 2018 var Adil Dzuho Kizil tvekl\u00f6st en av Borl\u00e4nges mest uppm\u00e4rksammade och omskrivna fotbollsprofiler. <\/p>\n<p>Tekniskt fel<\/p>\n<p class=\"message__text txt-ui txt-ui-2\">V\u00e4nligen f\u00f6rs\u00f6k igen senare.<\/p>\n<p>Den h\u00e4r artikeln \u00e4r bara f\u00f6r prenumeranter<\/p>\n<p class=\"txt-body txt-body-1\">Om du redan \u00e4r prenumerant: logga in!<\/p>\n","protected":false},"excerpt":{"rendered":"Han har rotat sig i Link\u00f6ping och kliver snart tillbaka in i elitfotbollen f\u00f6r f\u00f6rsta g\u00e5ngen sedan 2021.&hellip;\n","protected":false},"author":2,"featured_media":116442,"comment_status":"","ping_status":"","sticky":false,"template":"","format":"standard","meta":{"footnotes":""},"categories":[67],"tags":[104,34,31,33,32,30,105],"class_list":{"0":"post-116441","1":"post","2":"type-post","3":"status-publish","4":"format-standard","5":"has-post-thumbnail","7":"category-underhallning","8":"tag-entertainment","9":"tag-se","10":"tag-svenska","11":"tag-sverige","12":"tag-sweden","13":"tag-swedish","14":"tag-underhallning"},"share_on_mastodon":{"url":"https:\/\/pubeurope.com\/@se\/115779856147728958","error":""},"_links":{"self":[{"href":"https:\/\/www.europesays.com\/se\/wp-json\/wp\/v2\/posts\/116441","targetHints":{"allow":["GET"]}}],"collection":[{"href":"https:\/\/www.europesays.com\/se\/wp-json\/wp\/v2\/posts"}],"about":[{"href":"https:\/\/www.europesays.com\/se\/wp-json\/wp\/v2\/types\/post"}],"author":[{"embeddable":true,"href":"https:\/\/www.europesays.com\/se\/wp-json\/wp\/v2\/users\/2"}],"replies":[{"embeddable":true,"href":"https:\/\/www.europesays.com\/se\/wp-json\/wp\/v2\/comments?post=116441"}],"version-history":[{"count":0,"href":"https:\/\/www.europesays.com\/se\/wp-json\/wp\/v2\/posts\/116441\/revisions"}],"wp:featuredmedia":[{"embeddable":true,"href":"https:\/\/www.europesays.com\/se\/wp-json\/wp\/v2\/media\/116442"}],"wp:attachment":[{"href":"https:\/\/www.europesays.com\/se\/wp-json\/wp\/v2\/media?parent=116441"}],"wp:term":[{"taxonomy":"category","embeddable":true,"href":"https:\/\/www.europesays.com\/se\/wp-json\/wp\/v2\/categories?post=116441"},{"taxonomy":"post_tag","embeddable":true,"href":"https:\/\/www.europesays.com\/se\/wp-json\/wp\/v2\/tags?post=116441"}],"curies":[{"name":"wp","href":"https:\/\/api.w.org\/{rel}","templated":true}]}}