{"id":116449,"date":"2025-12-25T11:08:08","date_gmt":"2025-12-25T11:08:08","guid":{"rendered":"https:\/\/www.europesays.com\/se\/116449\/"},"modified":"2025-12-25T11:08:08","modified_gmt":"2025-12-25T11:08:08","slug":"kina-haller-igen-pa-sallsynta-jordartsmetaller","status":"publish","type":"post","link":"https:\/\/www.europesays.com\/se\/116449\/","title":{"rendered":"Kina h\u00e5ller igen p\u00e5 s\u00e4llsynta jordartsmetaller"},"content":{"rendered":"<p>Trots \u00f6verenskommelsen mellan Vita huset och Peking i slutet av oktober forts\u00e4tter Kina att begr\u00e4nsa tillg\u00e5ngen p\u00e5 s\u00e4llsynta jordartsmetaller. Det rapporterar Bloomberg med h\u00e4nvisning till k\u00e4llor.<\/p>\n<p>Runt ett dussin marknadsakt\u00f6rer \u2013 fr\u00e5n konsumenter och producenter till experter \u2013 uppger att Kina h\u00e5ller tillbaka r\u00e5material som USA beh\u00f6ver f\u00f6r att bygga upp egen magnetproduktion. Leveranser av f\u00e4rdiga magneter har f\u00f6rvisso \u00f6kat, men amerikanska bolag har fortsatt sv\u00e5rt att f\u00e5 tag p\u00e5 n\u00f6dv\u00e4ndiga r\u00e5material.<\/p>\n<p>Akt\u00f6rer f\u00e5r \u201dhelt enkelt inte ut material fr\u00e5n Kina\u201d, s\u00e4ger Scott Dunn, vd f\u00f6r magnettillverkaren Noveon Magnetics. V\u00e4rlden utanf\u00f6r Kina kan producera 50\u202f000 ton magneter, men det finns inte ens i n\u00e4rheten av tillr\u00e4ckligt med s\u00e4llsynta jordartsmetaller f\u00f6r att st\u00f6dja den produktionen, menar han. <\/p>\n<p>\u2013 Kina begr\u00e4nsar r\u00e5material i betydligt h\u00f6gre grad \u00e4n magneter f\u00f6r att uppr\u00e4tth\u00e5lla den dynamiken, s\u00e4ger Dunn.<\/p>\n<p>Vita huset har avb\u00f6jt att kommentera uppgifterna, men har de senaste veckorna uppgett att Kina f\u00f6ljer avtalet. Kinas handelsdepartement s\u00e4ger samtidigt att variationer i m\u00e5nadsstatistiken \u00e4r \u201dnormala\u201d och att landet \u00e4r fast beslutet att uppr\u00e4tth\u00e5lla stabiliteten i de globala leveranskedjorna.<\/p>\n<p>Omni \u00e4r politiskt obundna och oberoende. Vi str\u00e4var efter att ge fler perspektiv p\u00e5 nyheterna. Har du fr\u00e5gor eller synpunkter kring v\u00e5r rapportering? <a href=\"https:\/\/omni.se\/kallor-peking-haller-igen-pa-sallsynta-jordartsmetaller\/a\/mailto:redaktion@omni.se\" class=\"ArticleActions_contactLink__W2F1M\" rel=\"nofollow noopener\" target=\"_blank\">Kontakta redaktionen<\/a><\/p>\n","protected":false},"excerpt":{"rendered":"Trots \u00f6verenskommelsen mellan Vita huset och Peking i slutet av oktober forts\u00e4tter Kina att begr\u00e4nsa tillg\u00e5ngen p\u00e5 s\u00e4llsynta&hellip;\n","protected":false},"author":2,"featured_media":116450,"comment_status":"","ping_status":"","sticky":false,"template":"","format":"standard","meta":{"footnotes":""},"categories":[65],"tags":[75,387,72,385,70,71,549,268,2204,34,31,33,32,30,77,74,2223],"class_list":{"0":"post-116449","1":"post","2":"type-post","3":"status-publish","4":"format-standard","5":"has-post-thumbnail","7":"category-ekonomi","8":"tag-amerikansk-ekonomi","9":"tag-amerikansk-politik","10":"tag-business","11":"tag-donald-trump","12":"tag-economy","13":"tag-ekonomi","14":"tag-kina","15":"tag-nordamerika","16":"tag-peking","17":"tag-se","18":"tag-svenska","19":"tag-sverige","20":"tag-sweden","21":"tag-swedish","22":"tag-tullkrisen","23":"tag-usa","24":"tag-xi-jinping"},"share_on_mastodon":{"url":"https:\/\/pubeurope.com\/@se\/115779895501754101","error":""},"_links":{"self":[{"href":"https:\/\/www.europesays.com\/se\/wp-json\/wp\/v2\/posts\/116449","targetHints":{"allow":["GET"]}}],"collection":[{"href":"https:\/\/www.europesays.com\/se\/wp-json\/wp\/v2\/posts"}],"about":[{"href":"https:\/\/www.europesays.com\/se\/wp-json\/wp\/v2\/types\/post"}],"author":[{"embeddable":true,"href":"https:\/\/www.europesays.com\/se\/wp-json\/wp\/v2\/users\/2"}],"replies":[{"embeddable":true,"href":"https:\/\/www.europesays.com\/se\/wp-json\/wp\/v2\/comments?post=116449"}],"version-history":[{"count":0,"href":"https:\/\/www.europesays.com\/se\/wp-json\/wp\/v2\/posts\/116449\/revisions"}],"wp:featuredmedia":[{"embeddable":true,"href":"https:\/\/www.europesays.com\/se\/wp-json\/wp\/v2\/media\/116450"}],"wp:attachment":[{"href":"https:\/\/www.europesays.com\/se\/wp-json\/wp\/v2\/media?parent=116449"}],"wp:term":[{"taxonomy":"category","embeddable":true,"href":"https:\/\/www.europesays.com\/se\/wp-json\/wp\/v2\/categories?post=116449"},{"taxonomy":"post_tag","embeddable":true,"href":"https:\/\/www.europesays.com\/se\/wp-json\/wp\/v2\/tags?post=116449"}],"curies":[{"name":"wp","href":"https:\/\/api.w.org\/{rel}","templated":true}]}}