{"id":116467,"date":"2025-12-25T11:24:20","date_gmt":"2025-12-25T11:24:20","guid":{"rendered":"https:\/\/www.europesays.com\/se\/116467\/"},"modified":"2025-12-25T11:24:20","modified_gmt":"2025-12-25T11:24:20","slug":"ar-knak-i-ryggen-ett-bra-quick-fix-kiropraktorer-om-tiktok-trend","status":"publish","type":"post","link":"https:\/\/www.europesays.com\/se\/116467\/","title":{"rendered":"\u00c4r knak i ryggen ett bra quick-fix? \u2013 kiropraktorer om Tiktok-trend"},"content":{"rendered":"<p>Ett snabbt knak \u2013 s\u00e5 \u00e4r det klart och ryggontet v\u00e4ck. De senaste \u00e5ren har \u201dknak-videor\u201d, d\u00e4r kiropraktorer g\u00f6r<a href=\"https:\/\/www.tiktok.com\/@dr.joe_chiropro\/video\/7545948425150385463\" target=\"_blank\" rel=\"noopener noreferrer nofollow\"> justeringar med tydliga ljud<\/a>, spridits allt mer p\u00e5 Tiktok och andra sociala medier.<\/p>\n<p>Niklas Andersson \u00e4r kiropraktor och driver Instagramkontot Kiroxpert, d\u00e4r han ocks\u00e5 <a href=\"https:\/\/www.instagram.com\/reel\/DPeTr16DLBj\/\" target=\"_blank\" rel=\"noopener noreferrer nofollow\">kommenterat<\/a> den p\u00e5g\u00e5ende knaktrenden. Han har m\u00e4rkt ett \u00f6kat intresse hos unga f\u00f6r kiropraktisk behandling, d\u00e4r en del uttryckt att de vill ha samma typ av \u201dknak\u201d-behandling som de sett p\u00e5 Tiktok.<\/p>\n<p><script async src=\"\/\/www.instagram.com\/embed.js\"><\/script><script async src=\"\/\/www.tiktok.com\/embed.js\"><\/script><\/p>\n","protected":false},"excerpt":{"rendered":"Ett snabbt knak \u2013 s\u00e5 \u00e4r det klart och ryggontet v\u00e4ck. De senaste \u00e5ren har \u201dknak-videor\u201d, d\u00e4r kiropraktorer&hellip;\n","protected":false},"author":2,"featured_media":116468,"comment_status":"","ping_status":"","sticky":false,"template":"","format":"standard","meta":{"footnotes":""},"categories":[65],"tags":[72,70,71,34,31,33,32,30],"class_list":{"0":"post-116467","1":"post","2":"type-post","3":"status-publish","4":"format-standard","5":"has-post-thumbnail","7":"category-ekonomi","8":"tag-business","9":"tag-economy","10":"tag-ekonomi","11":"tag-se","12":"tag-svenska","13":"tag-sverige","14":"tag-sweden","15":"tag-swedish"},"share_on_mastodon":{"url":"https:\/\/pubeurope.com\/@se\/115779958419672419","error":""},"_links":{"self":[{"href":"https:\/\/www.europesays.com\/se\/wp-json\/wp\/v2\/posts\/116467","targetHints":{"allow":["GET"]}}],"collection":[{"href":"https:\/\/www.europesays.com\/se\/wp-json\/wp\/v2\/posts"}],"about":[{"href":"https:\/\/www.europesays.com\/se\/wp-json\/wp\/v2\/types\/post"}],"author":[{"embeddable":true,"href":"https:\/\/www.europesays.com\/se\/wp-json\/wp\/v2\/users\/2"}],"replies":[{"embeddable":true,"href":"https:\/\/www.europesays.com\/se\/wp-json\/wp\/v2\/comments?post=116467"}],"version-history":[{"count":0,"href":"https:\/\/www.europesays.com\/se\/wp-json\/wp\/v2\/posts\/116467\/revisions"}],"wp:featuredmedia":[{"embeddable":true,"href":"https:\/\/www.europesays.com\/se\/wp-json\/wp\/v2\/media\/116468"}],"wp:attachment":[{"href":"https:\/\/www.europesays.com\/se\/wp-json\/wp\/v2\/media?parent=116467"}],"wp:term":[{"taxonomy":"category","embeddable":true,"href":"https:\/\/www.europesays.com\/se\/wp-json\/wp\/v2\/categories?post=116467"},{"taxonomy":"post_tag","embeddable":true,"href":"https:\/\/www.europesays.com\/se\/wp-json\/wp\/v2\/tags?post=116467"}],"curies":[{"name":"wp","href":"https:\/\/api.w.org\/{rel}","templated":true}]}}