{"id":116475,"date":"2025-12-25T11:32:31","date_gmt":"2025-12-25T11:32:31","guid":{"rendered":"https:\/\/www.europesays.com\/se\/116475\/"},"modified":"2025-12-25T11:32:31","modified_gmt":"2025-12-25T11:32:31","slug":"177-kvadratmeter-stort-hus-i-bygdea-far-nya-agare","status":"publish","type":"post","link":"https:\/\/www.europesays.com\/se\/116475\/","title":{"rendered":"177 kvadratmeter stort hus i Bygde\u00e5 f\u00e5r nya \u00e4gare"},"content":{"rendered":"<p> \u00c4garbytet blev klart i november 2025 och k\u00f6pesumman blev 3\u00a0000\u00a0000 kronor. Huset \u00e4r byggt 2009 och har en boyta p\u00e5 177 kvadratmeter.Nyligen s\u00e5ldes ett annat hus knappt en kilometer d\u00e4rifr\u00e5n, p\u00e5 Sundmarksv\u00e4gen 27. Priset blev d\u00e4r 1\u00a0800\u00a0000 kronor, f\u00f6r det 115 kvadratmeter stora huset.Se alla lagfarter h\u00e4rDe senaste tolv m\u00e5naderna har det s\u00e5lts nio hus inom en kilomete<\/p>\n","protected":false},"excerpt":{"rendered":"\u00c4garbytet blev klart i november 2025 och k\u00f6pesumman blev 3\u00a0000\u00a0000 kronor. Huset \u00e4r byggt 2009 och har en&hellip;\n","protected":false},"author":2,"featured_media":116476,"comment_status":"","ping_status":"","sticky":false,"template":"","format":"standard","meta":{"footnotes":""},"categories":[65],"tags":[72,70,71,34,31,33,32,30],"class_list":{"0":"post-116475","1":"post","2":"type-post","3":"status-publish","4":"format-standard","5":"has-post-thumbnail","7":"category-ekonomi","8":"tag-business","9":"tag-economy","10":"tag-ekonomi","11":"tag-se","12":"tag-svenska","13":"tag-sverige","14":"tag-sweden","15":"tag-swedish"},"share_on_mastodon":{"url":"https:\/\/pubeurope.com\/@se\/115779989861651759","error":""},"_links":{"self":[{"href":"https:\/\/www.europesays.com\/se\/wp-json\/wp\/v2\/posts\/116475","targetHints":{"allow":["GET"]}}],"collection":[{"href":"https:\/\/www.europesays.com\/se\/wp-json\/wp\/v2\/posts"}],"about":[{"href":"https:\/\/www.europesays.com\/se\/wp-json\/wp\/v2\/types\/post"}],"author":[{"embeddable":true,"href":"https:\/\/www.europesays.com\/se\/wp-json\/wp\/v2\/users\/2"}],"replies":[{"embeddable":true,"href":"https:\/\/www.europesays.com\/se\/wp-json\/wp\/v2\/comments?post=116475"}],"version-history":[{"count":0,"href":"https:\/\/www.europesays.com\/se\/wp-json\/wp\/v2\/posts\/116475\/revisions"}],"wp:featuredmedia":[{"embeddable":true,"href":"https:\/\/www.europesays.com\/se\/wp-json\/wp\/v2\/media\/116476"}],"wp:attachment":[{"href":"https:\/\/www.europesays.com\/se\/wp-json\/wp\/v2\/media?parent=116475"}],"wp:term":[{"taxonomy":"category","embeddable":true,"href":"https:\/\/www.europesays.com\/se\/wp-json\/wp\/v2\/categories?post=116475"},{"taxonomy":"post_tag","embeddable":true,"href":"https:\/\/www.europesays.com\/se\/wp-json\/wp\/v2\/tags?post=116475"}],"curies":[{"name":"wp","href":"https:\/\/api.w.org\/{rel}","templated":true}]}}