{"id":116479,"date":"2025-12-25T11:37:22","date_gmt":"2025-12-25T11:37:22","guid":{"rendered":"https:\/\/www.europesays.com\/se\/116479\/"},"modified":"2025-12-25T11:37:22","modified_gmt":"2025-12-25T11:37:22","slug":"succespelaren-nobbar-aik-stannar-i-kalmar","status":"publish","type":"post","link":"https:\/\/www.europesays.com\/se\/116479\/","title":{"rendered":"Succ\u00e9spelaren nobbar AIK \u2013 stannar i Kalmar"},"content":{"rendered":"<p><strong>Valdemar Johansson har ryktats vara aktuell f\u00f6r en \u00e5terkomst till <a href=\"https:\/\/hockeysverige.se\/klubb\/aik-hockey\" rel=\"nofollow noopener\" target=\"_blank\">AIK<\/a>. <br \/>Men nu st\u00e5r det klart att forwarden nobbar AIK \u2013 och i st\u00e4llet f\u00f6rl\u00e4nger med <a href=\"https:\/\/hockeysverige.se\/klubb\/kalmar-hc\" rel=\"nofollow noopener\" target=\"_blank\">Kalmar<\/a>. <br \/>\u2013 Det var ett sj\u00e4lvklart val f\u00f6r mig, s\u00e4ger 22-\u00e5ringen p\u00e5 klubbens <a href=\"https:\/\/www.kalmarhockey.com\/article\/oj2at7q-2l301\/view\" rel=\"nofollow noopener\" target=\"_blank\">hemsida<\/a>. <\/strong><\/p>\n<p><img loading=\"lazy\" decoding=\"async\" width=\"1024\" height=\"658\" src=\"https:\/\/www.europesays.com\/se\/wp-content\/uploads\/2025\/12\/Valdemar-Johansson-kontrakt-1024x658.webp.webp\" alt=\"Valdemar Johansson.\" class=\"wp-image-339126\"  \/>Valdemar Johansson v\u00e4ljer bort AIK f\u00f6r att i st\u00e4llet stanna i Kalmar. <strong>Foto:<\/strong> Aron Broman\/Bildbyr\u00e5n (Montage)<\/p>\n<p>Det var i oktober som <a href=\"https:\/\/hockeynews.se\/nyheter\/avslojar-aik-i-forhandlingar-med-succeforwarden\" rel=\"nofollow noopener\" target=\"_blank\">Hockeynews<\/a> rapporterade att Kalmars succ\u00e9forward Valdemar Johansson \u201dl\u00e5g i intensiva f\u00f6rhandlingar\u201d om en \u00e5terkomst till AIK. Enligt sajten skulle \u00f6verg\u00e5ngen redan d\u00e5 vara \u201ds\u00e5 gott som klar\u201d inf\u00f6r n\u00e4sta s\u00e4song. <\/p>\n<p>Men det blir ingen \u00e5terkomst till \u201dGnaget\u201d f\u00f6r 22-\u00e5ringen. <\/p>\n<p>P\u00e5 julafton meddelar Kalmar n\u00e4mligen att de har kommit \u00f6verens om ett nytt tv\u00e5\u00e5rskontrakt med Valdemar Johansson. Han f\u00f6rl\u00e4nger d\u00e4rmed f\u00f6r att stanna i Sm\u00e5land fram till 2028. <\/p>\n<p>\u2013 Grymt kul att f\u00e5 skriva tv\u00e5 nya \u00e5r med KHC! Allting har vart otroligt bra den tiden jag har vart h\u00e4r, allt fr\u00e5n staden, fansen och ishockeyn. Tycker de \u00e4r ett v\u00e4ldigt bra st\u00e4lle att utvecklas p\u00e5 och tycker Kalmar som f\u00f6rening har n\u00e5got sp\u00e4nnande p\u00e5 g\u00e5ng, s\u00e5 det var ett sj\u00e4lvklart val f\u00f6r mig, s\u00e4ger Johansson p\u00e5 klubbens hemsida. <\/p>\n<p>Valdemar Johansson stannar i Kalmar<\/p>\n<p>Valdemar Johansson kom till Kalmar fr\u00e5n Almtuna 2024. I fjol stod han f\u00f6r nio m\u00e5l och 21 po\u00e4ng p\u00e5 48 matcher under sin f\u00f6rsta s\u00e4song i KHC-tr\u00f6jan. Den h\u00e4r s\u00e4songen har han d\u00e4remot f\u00f6rb\u00e4ttrat sig till \u00e5tta m\u00e5l och 18 po\u00e4ng p\u00e5 22 matcher. 22-\u00e5ringen har d\u00e4rmed varit en av Kalmars fr\u00e4msta offensiva spelare. <\/p>\n<p>\u2013 \u201dValle\u201d har haft en fin utveckling under sina tv\u00e5 s\u00e4songer i KHC och tagit stora steg. Vi \u00e4r s\u00e4kra p\u00e5 att det finns mer att h\u00e4mta h\u00e4r och \u00e4r glada att Valle v\u00e4ljer att stanna hos oss, s\u00e4ger Kalmars sportchef Daniel Stolt. <\/p>\n<p>Som junior spelade Valdemar Johansson i AIK och han gjorde fem m\u00e5l p\u00e5 18 matcher i <a href=\"https:\/\/hockeysverige.se\/hockeyallsvenskan\" rel=\"nofollow noopener\" target=\"_blank\">HockeyAllsvenskan<\/a>. Men efter att han inte tagit plats i A-laget till s\u00e4songen 2022\/23 valde han att l\u00e4mna f\u00f6r spel i moderklubben <a href=\"https:\/\/hockeysverige.se\/klubb\/almtuna-is\" rel=\"nofollow noopener\" target=\"_blank\">Almtuna<\/a>. D\u00e4r sk\u00f6t han sedan 14 m\u00e5l p\u00e5 42 matcher och vann skytteligan f\u00f6r juniorer i HockeyAllsvenskan. Totalt har Johansson st\u00e5tt f\u00f6r 77 po\u00e4ng p\u00e5 174 allsvenska matcher med AIK, Almtuna och Kalmar i sin unga karri\u00e4r. <\/p>\n<p> Source: <a href=\"https:\/\/www.eliteprospects.com\/player\/486843\/valdemar-johansson\" target=\"_blank\" rel=\"noopener noreferrer nofollow\">Valdemar Johansson<\/a> @ Elite Prospects<\/p>\n","protected":false},"excerpt":{"rendered":"Valdemar Johansson har ryktats vara aktuell f\u00f6r en \u00e5terkomst till AIK. Men nu st\u00e5r det klart att forwarden&hellip;\n","protected":false},"author":2,"featured_media":116480,"comment_status":"","ping_status":"","sticky":false,"template":"","format":"standard","meta":{"footnotes":""},"categories":[68],"tags":[621,34,133,111,110,31,33,32,30],"class_list":{"0":"post-116479","1":"post","2":"type-post","3":"status-publish","4":"format-standard","5":"has-post-thumbnail","7":"category-sport","8":"tag-hockeyallsvenskan","9":"tag-se","10":"tag-second-news","11":"tag-sport","12":"tag-sports","13":"tag-svenska","14":"tag-sverige","15":"tag-sweden","16":"tag-swedish"},"share_on_mastodon":{"url":"https:\/\/pubeurope.com\/@se\/115780010023246675","error":""},"_links":{"self":[{"href":"https:\/\/www.europesays.com\/se\/wp-json\/wp\/v2\/posts\/116479","targetHints":{"allow":["GET"]}}],"collection":[{"href":"https:\/\/www.europesays.com\/se\/wp-json\/wp\/v2\/posts"}],"about":[{"href":"https:\/\/www.europesays.com\/se\/wp-json\/wp\/v2\/types\/post"}],"author":[{"embeddable":true,"href":"https:\/\/www.europesays.com\/se\/wp-json\/wp\/v2\/users\/2"}],"replies":[{"embeddable":true,"href":"https:\/\/www.europesays.com\/se\/wp-json\/wp\/v2\/comments?post=116479"}],"version-history":[{"count":0,"href":"https:\/\/www.europesays.com\/se\/wp-json\/wp\/v2\/posts\/116479\/revisions"}],"wp:featuredmedia":[{"embeddable":true,"href":"https:\/\/www.europesays.com\/se\/wp-json\/wp\/v2\/media\/116480"}],"wp:attachment":[{"href":"https:\/\/www.europesays.com\/se\/wp-json\/wp\/v2\/media?parent=116479"}],"wp:term":[{"taxonomy":"category","embeddable":true,"href":"https:\/\/www.europesays.com\/se\/wp-json\/wp\/v2\/categories?post=116479"},{"taxonomy":"post_tag","embeddable":true,"href":"https:\/\/www.europesays.com\/se\/wp-json\/wp\/v2\/tags?post=116479"}],"curies":[{"name":"wp","href":"https:\/\/api.w.org\/{rel}","templated":true}]}}