{"id":116481,"date":"2025-12-25T11:38:12","date_gmt":"2025-12-25T11:38:12","guid":{"rendered":"https:\/\/www.europesays.com\/se\/116481\/"},"modified":"2025-12-25T11:38:12","modified_gmt":"2025-12-25T11:38:12","slug":"kjell-bergqvists-nya-storfilm-grannfejden-slapps-mycket-tidigare-an-vantat","status":"publish","type":"post","link":"https:\/\/www.europesays.com\/se\/116481\/","title":{"rendered":"Kjell Bergqvists nya storfilm \u201dGrannfejden\u201d sl\u00e4pps mycket tidigare \u00e4n v\u00e4ntat"},"content":{"rendered":"<p>&#13;<br \/>\n                 &#13;<br \/>\n                                                Stj\u00e4rnsp\u00e4ckad rollista n\u00e4r Malmros g\u00f6r regicomeback&#13;<br \/>\n    &#13;<\/p>\n<p class=\"content-article__preamble\">Ulf Malmros nya biofilm \u201dGrannfejden\u201d med Kjell Bergqvist, Robert Gustafsson och fler stj\u00e4rnor har biopremi\u00e4r redan tidigt p\u00e5 v\u00e5ren.<\/p>\n<p>&#13;<br \/>\n                                            &#13;<br \/>\n    &#13;<br \/>\n    &#13;<br \/>\n&#13;<br \/>\n    &#13;<br \/>\n    &#13;<\/p>\n<p><strong>Ulf Malmros<\/strong>, 60, har st\u00e5tt f\u00f6r n\u00e5gra av svensk humors allra fr\u00e4msta verk \u2013 som hans fenomenala gangsterkomedi Smala Sussie, den hj\u00e4rtev\u00e4rmande familjefilmen\u00a0Den b\u00e4sta sommaren\u00a0och serien M\u00e4klarna. I samtliga av dem finns vapendragaren <strong><a href=\"https:\/\/www.filmtopp.se\/tagg\/kjell-bergqvist\" rel=\"nofollow noopener\" target=\"_blank\">Kjell Bergqvist<\/a>\u00a0<\/strong>med \u2013 s\u00e5 \u00e4ven nu n\u00e4r Malmros g\u00f6r regicomeback med komiska storfilm Grannfejden.<\/p>\n<p><strong>L\u00c4S OCKS\u00c5:<\/strong>\u00a0<a href=\"https:\/\/www.filmtopp.se\/nyhet\/svtplay-fantastiskt-drama-med-rolf-lassgard-nu-pa-svt-play-gripande-historia\" rel=\"nofollow noopener\" target=\"_blank\">Fantastiskt drama med Rolf Lassg\u00e5rd nu p\u00e5 SVT Play: \u201dGripande historia\u201d<\/a><\/p>\n<p>Bergqvist mot Gustafsson i \u201dGrannfejden\u201d \u2013 h\u00e4r \u00e4r rollistan<\/p>\n<p>Den nya filmen\u00a0\u00e4r l\u00f6st baserad p\u00e5 verkliga h\u00e4ndelser. Ber\u00e4ttelsen i <a href=\"https:\/\/www.imdb.com\/title\/tt35623371\/\" target=\"_blank\" rel=\"noopener nofollow\">Grannfejden<\/a> f\u00f6ljer Hanna som l\u00e4mnar Stockholm f\u00f6r att flytta till landet hos sin storasyster Emma, som \u00e4r kommunpolitiker. Hon arbetar med ett livsviktigt projekt: att f\u00e5 den nyinflyttade f\u00f6re detta statsministern Stefan Carlsson (<strong style=\"font-family: -apple-system, BlinkMacSystemFont, 'Segoe UI', Roboto, Oxygen, Ubuntu, Cantarell, 'Open Sans', 'Helvetica Neue', sans-serif;\">Kjell Bergqvist<\/strong>) att k\u00e4nna sig som hemma i byn.<\/p>\n<p>In i bilden kliver Harry Flodman, en byf\u00e5ne spelad av\u00a0<a href=\"https:\/\/www.filmtopp.se\/tagg\/robert-gustafsson\" rel=\"nofollow noopener\" target=\"_blank\"><strong>Robert Gustafsson<\/strong><\/a>. Han hamnar i kl\u00e4m med Carlsson \u00f6ver ett stinkande utedass. Det hela utvecklas till en bitter grannfejd, d\u00e4r Flodman anst\u00e4ller Hanna som sin boendest\u00f6djare i hopp om att kunna vinna kampen.<\/p>\n<p>Att Malmros g\u00f6r comeback \u00e4r ingen liten sak, och det m\u00e4rks p\u00e5 rollistan. F\u00f6rutom Bergqvist och Gustafsson ser vi \u00e4ven storheterna <strong>Tuva Novotny<\/strong> och\u00a0<strong>Ia Langhammer<\/strong> p\u00e5 rollistan, tillsammans med <strong>Bj\u00f6rn A. Ling <\/strong>som spelade P\u00f6lsa i Smala Sussie, <strong style=\"font-family: -apple-system, BlinkMacSystemFont, 'Segoe UI', Roboto, Oxygen, Ubuntu, Cantarell, 'Open Sans', 'Helvetica Neue', sans-serif;\">Annica<\/strong> <strong style=\"font-family: -apple-system, BlinkMacSystemFont, 'Segoe UI', Roboto, Oxygen, Ubuntu, Cantarell, 'Open Sans', 'Helvetica Neue', sans-serif;\">Liljeblad<\/strong>, <strong style=\"font-family: -apple-system, BlinkMacSystemFont, 'Segoe UI', Roboto, Oxygen, Ubuntu, Cantarell, 'Open Sans', 'Helvetica Neue', sans-serif;\">Ida<\/strong> <strong style=\"font-family: -apple-system, BlinkMacSystemFont, 'Segoe UI', Roboto, Oxygen, Ubuntu, Cantarell, 'Open Sans', 'Helvetica Neue', sans-serif;\">Hallquist<\/strong> och <strong style=\"font-family: -apple-system, BlinkMacSystemFont, 'Segoe UI', Roboto, Oxygen, Ubuntu, Cantarell, 'Open Sans', 'Helvetica Neue', sans-serif;\">Felix Martinsson<\/strong> med flera.<\/p>\n<p><strong>L\u00c4S OCKS\u00c5:<\/strong>\u00a0<a href=\"https:\/\/www.filmtopp.se\/recension\/svtplay-jag-for-ner-till-bror-ar-ett-morkt-drama-som-ar-omojligt-att-skaka-av-sig\" rel=\"nofollow noopener\" target=\"_blank\">\u201dJag for ner till bror\u201d \u00e4r ett m\u00f6rkt drama som \u00e4r om\u00f6jligt att skaka av sig<\/a><\/p>\n<p><img loading=\"lazy\" decoding=\"async\" src=\"https:\/\/www.europesays.com\/se\/wp-content\/uploads\/2025\/12\/Grannfejden_Robert_Gustafsson_01.jpg\" alt=\"Storfilmen \u201dGrannfejden\u201d med Kjell Bergqvist sl\u00e4pps tidigare \u00e4n v\u00e4ntat\" width=\"900\" height=\"576\"\/>&#13;<br \/>\nFoto: Nordisk Film.&#13;<\/p>\n<p>\u00a0<\/p>\n<p>D\u00e5 har \u201dGrannfejden\u201d premi\u00e4r \u2013 sl\u00e4pps tidigare \u00e4n v\u00e4ntat<\/p>\n<p>Det har l\u00e4nge varit k\u00e4nt att\u00a0Grannfejden\u00a0skulle komma ut n\u00e5gon g\u00e5ng under 2026, men nu vet vi att det sker betydligt tidigare in p\u00e5 \u00e5ret \u00e4n v\u00e4ntat.\u00a0Grannfejden\u00a0har premi\u00e4r p\u00e5 bio den 20 februari, allts\u00e5 \u00e4r den knappt tv\u00e5 m\u00e5nader bort.<\/p>\n<p>P\u00e5 <strong>Filmstadens hemsida<\/strong> kan vi se att filmen kommer g\u00e5 att se f\u00f6r halva priset med <strong>Biopasset<\/strong>, det initiativ som g\u00f6r att man mot en eng\u00e5ngsavgift kan se utvalda titlar billigare l\u00f6pande under tolv m\u00e5naders tid.<\/p>\n<p>Grannfejden\u00a0blir Ulf Malmros f\u00f6rst film som regiss\u00f6r sedan Flykten till framtiden, den hyllade \u00e4ventyrskomedin som kom ut 2016.<\/p>\n<p><strong>Vi p\u00e5 <a href=\"https:\/\/www.filmtopp.se\/\" rel=\"nofollow noopener\" target=\"_blank\">Filmtopp<\/a> h\u00e5ller dig hela tiden uppdaterad med stora nyheter om filmer och serier, samt heta tips p\u00e5 streaming. F\u00f6r att aldrig missa n\u00e5gon stor h\u00f6jdpunkt \u2013 <a href=\"https:\/\/www.facebook.com\/filmtopp\" target=\"_blank\" rel=\"noopener nofollow\">f\u00f6lj oss p\u00e5 Facebook<\/a>.<\/strong><\/p>\n","protected":false},"excerpt":{"rendered":"&#13; &#13; Stj\u00e4rnsp\u00e4ckad rollista n\u00e4r Malmros g\u00f6r regicomeback&#13; &#13; Ulf Malmros nya biofilm \u201dGrannfejden\u201d med Kjell Bergqvist, Robert&hellip;\n","protected":false},"author":2,"featured_media":116482,"comment_status":"","ping_status":"","sticky":false,"template":"","format":"standard","meta":{"footnotes":""},"categories":[67],"tags":[104,34,31,33,32,30,105],"class_list":{"0":"post-116481","1":"post","2":"type-post","3":"status-publish","4":"format-standard","5":"has-post-thumbnail","7":"category-underhallning","8":"tag-entertainment","9":"tag-se","10":"tag-svenska","11":"tag-sverige","12":"tag-sweden","13":"tag-swedish","14":"tag-underhallning"},"share_on_mastodon":{"url":"https:\/\/pubeurope.com\/@se\/115780013599330010","error":""},"_links":{"self":[{"href":"https:\/\/www.europesays.com\/se\/wp-json\/wp\/v2\/posts\/116481","targetHints":{"allow":["GET"]}}],"collection":[{"href":"https:\/\/www.europesays.com\/se\/wp-json\/wp\/v2\/posts"}],"about":[{"href":"https:\/\/www.europesays.com\/se\/wp-json\/wp\/v2\/types\/post"}],"author":[{"embeddable":true,"href":"https:\/\/www.europesays.com\/se\/wp-json\/wp\/v2\/users\/2"}],"replies":[{"embeddable":true,"href":"https:\/\/www.europesays.com\/se\/wp-json\/wp\/v2\/comments?post=116481"}],"version-history":[{"count":0,"href":"https:\/\/www.europesays.com\/se\/wp-json\/wp\/v2\/posts\/116481\/revisions"}],"wp:featuredmedia":[{"embeddable":true,"href":"https:\/\/www.europesays.com\/se\/wp-json\/wp\/v2\/media\/116482"}],"wp:attachment":[{"href":"https:\/\/www.europesays.com\/se\/wp-json\/wp\/v2\/media?parent=116481"}],"wp:term":[{"taxonomy":"category","embeddable":true,"href":"https:\/\/www.europesays.com\/se\/wp-json\/wp\/v2\/categories?post=116481"},{"taxonomy":"post_tag","embeddable":true,"href":"https:\/\/www.europesays.com\/se\/wp-json\/wp\/v2\/tags?post=116481"}],"curies":[{"name":"wp","href":"https:\/\/api.w.org\/{rel}","templated":true}]}}