{"id":116483,"date":"2025-12-25T11:40:35","date_gmt":"2025-12-25T11:40:35","guid":{"rendered":"https:\/\/www.europesays.com\/se\/116483\/"},"modified":"2025-12-25T11:40:35","modified_gmt":"2025-12-25T11:40:35","slug":"forsmark-1-ater-i-drift","status":"publish","type":"post","link":"https:\/\/www.europesays.com\/se\/116483\/","title":{"rendered":"Forsmark 1 \u00e5ter i drift"},"content":{"rendered":"<p>\u2013\u2009Det kommer att ta tv\u00e5 dygn innan vi n\u00e5r full effekt, s\u00e4ger Maja Ahlund, presskommunikat\u00f6r p\u00e5 Vattenfall, till TT. P\u00e5 f\u00f6rmiddagen p\u00e5 julafton startades reaktorn igen och \u00e5terstarten har g\u00e5tt som planerat, enligt Maja Ahlund.  Forsmark 1 stoppades tillf\u00e4lligt efter ett felmeddelande fr\u00e5n en ventil. Statliga Vattenfall driver tre reaktorer vid Forsmarks k\u00e4rnkraftverk. <\/p>\n","protected":false},"excerpt":{"rendered":"\u2013\u2009Det kommer att ta tv\u00e5 dygn innan vi n\u00e5r full effekt, s\u00e4ger Maja Ahlund, presskommunikat\u00f6r p\u00e5 Vattenfall, till&hellip;\n","protected":false},"author":2,"featured_media":116484,"comment_status":"","ping_status":"","sticky":false,"template":"","format":"standard","meta":{"footnotes":""},"categories":[65],"tags":[72,70,71,34,31,33,32,30],"class_list":{"0":"post-116483","1":"post","2":"type-post","3":"status-publish","4":"format-standard","5":"has-post-thumbnail","7":"category-ekonomi","8":"tag-business","9":"tag-economy","10":"tag-ekonomi","11":"tag-se","12":"tag-svenska","13":"tag-sverige","14":"tag-sweden","15":"tag-swedish"},"share_on_mastodon":{"url":"https:\/\/pubeurope.com\/@se\/115780021340356985","error":""},"_links":{"self":[{"href":"https:\/\/www.europesays.com\/se\/wp-json\/wp\/v2\/posts\/116483","targetHints":{"allow":["GET"]}}],"collection":[{"href":"https:\/\/www.europesays.com\/se\/wp-json\/wp\/v2\/posts"}],"about":[{"href":"https:\/\/www.europesays.com\/se\/wp-json\/wp\/v2\/types\/post"}],"author":[{"embeddable":true,"href":"https:\/\/www.europesays.com\/se\/wp-json\/wp\/v2\/users\/2"}],"replies":[{"embeddable":true,"href":"https:\/\/www.europesays.com\/se\/wp-json\/wp\/v2\/comments?post=116483"}],"version-history":[{"count":0,"href":"https:\/\/www.europesays.com\/se\/wp-json\/wp\/v2\/posts\/116483\/revisions"}],"wp:featuredmedia":[{"embeddable":true,"href":"https:\/\/www.europesays.com\/se\/wp-json\/wp\/v2\/media\/116484"}],"wp:attachment":[{"href":"https:\/\/www.europesays.com\/se\/wp-json\/wp\/v2\/media?parent=116483"}],"wp:term":[{"taxonomy":"category","embeddable":true,"href":"https:\/\/www.europesays.com\/se\/wp-json\/wp\/v2\/categories?post=116483"},{"taxonomy":"post_tag","embeddable":true,"href":"https:\/\/www.europesays.com\/se\/wp-json\/wp\/v2\/tags?post=116483"}],"curies":[{"name":"wp","href":"https:\/\/api.w.org\/{rel}","templated":true}]}}