{"id":116489,"date":"2025-12-25T11:46:20","date_gmt":"2025-12-25T11:46:20","guid":{"rendered":"https:\/\/www.europesays.com\/se\/116489\/"},"modified":"2025-12-25T11:46:20","modified_gmt":"2025-12-25T11:46:20","slug":"mariah-careys-julsang-en-riktig-kassako","status":"publish","type":"post","link":"https:\/\/www.europesays.com\/se\/116489\/","title":{"rendered":"Mariah Careys juls\u00e5ng en riktig kassako"},"content":{"rendered":"<p>share-arrowDela<\/p>\n<p>unsaveSpara<\/p>\n<p>expand-left<\/p>\n<p>helsk\u00e4rm<img decoding=\"async\" class=\"image-asset hyperion-css-u06ts1\" data-test-tag=\"image-asset\" src=\"https:\/\/www.europesays.com\/se\/wp-content\/uploads\/2025\/12\/c9a62bc1-3ae7-4117-8962-3fe56c3781f0\"  alt=\"Julen \u00e4r Mariah Careys h\u00f6gtid. Arkivbild.\"  loading=\"eager\" fetchpriority=\"high\" style=\"aspect-ratio:1900 \/ 1266\"\/>Julen \u00e4r Mariah Careys h\u00f6gtid. Arkivbild. Foto: Paul R. Giunta\/AP\/TT<\/p>\n<p class=\"hyperion-css-1shl3oz\" data-test-tag=\"lead-text\">Mariah Carey drar in stora summor p\u00e5 sin dunderhit \u201dAll I want for christmas\u201d. Varje \u00e5r trillar flera miljoner dollar i royaltyer in p\u00e5 stj\u00e4rnans konto.<\/p>\n<p class=\"hyperion-css-1v9qo5x\">Trots flera decennier p\u00e5 nacken \u00e4r den om\u00e5ttligt popul\u00e4ra l\u00e5ten fortfarande ett sj\u00e4lvklart inslag i den musik som brukar str\u00f6mma ut i juletid.<\/p>\n<p class=\"hyperion-css-1v9qo5x\">Varje \u00e5r drar Carey in uppemot 3 miljoner dollar, motsvarande 27,5 miljoner kronor, i royaltyer, skriver The Independent med h\u00e4nvisning till bland andra The Economist.<\/p>\n<p class=\"hyperion-css-1v9qo5x\">L\u00e5ten, som kom redan 1994, har nu ocks\u00e5 totalt 2,4 miljarder spelningar enbart p\u00e5 Spotify, vilket \u00e4r rekord f\u00f6r en jull\u00e5t.<\/p>\n<p class=\"hyperion-css-1v9qo5x\">\u201dAll I want for christmas\u201d skriver ocks\u00e5 in sig i historien som den l\u00e5t som har legat etta l\u00e4ngst tid p\u00e5 den amerikanska Billboardlistan Hot 100. Sammanlagt 21 veckor har den lyckats klamra sig fast i toppen sedan den sl\u00e4pptes, enligt Billboard Magazine.<\/p>\n","protected":false},"excerpt":{"rendered":"share-arrowDela unsaveSpara expand-left helsk\u00e4rmJulen \u00e4r Mariah Careys h\u00f6gtid. Arkivbild. Foto: Paul R. Giunta\/AP\/TT Mariah Carey drar in stora&hellip;\n","protected":false},"author":2,"featured_media":116490,"comment_status":"","ping_status":"","sticky":false,"template":"","format":"standard","meta":{"footnotes":""},"categories":[67],"tags":[104,34,31,33,32,30,105],"class_list":{"0":"post-116489","1":"post","2":"type-post","3":"status-publish","4":"format-standard","5":"has-post-thumbnail","7":"category-underhallning","8":"tag-entertainment","9":"tag-se","10":"tag-svenska","11":"tag-sverige","12":"tag-sweden","13":"tag-swedish","14":"tag-underhallning"},"share_on_mastodon":{"url":"https:\/\/pubeurope.com\/@se\/115780045149672590","error":""},"_links":{"self":[{"href":"https:\/\/www.europesays.com\/se\/wp-json\/wp\/v2\/posts\/116489","targetHints":{"allow":["GET"]}}],"collection":[{"href":"https:\/\/www.europesays.com\/se\/wp-json\/wp\/v2\/posts"}],"about":[{"href":"https:\/\/www.europesays.com\/se\/wp-json\/wp\/v2\/types\/post"}],"author":[{"embeddable":true,"href":"https:\/\/www.europesays.com\/se\/wp-json\/wp\/v2\/users\/2"}],"replies":[{"embeddable":true,"href":"https:\/\/www.europesays.com\/se\/wp-json\/wp\/v2\/comments?post=116489"}],"version-history":[{"count":0,"href":"https:\/\/www.europesays.com\/se\/wp-json\/wp\/v2\/posts\/116489\/revisions"}],"wp:featuredmedia":[{"embeddable":true,"href":"https:\/\/www.europesays.com\/se\/wp-json\/wp\/v2\/media\/116490"}],"wp:attachment":[{"href":"https:\/\/www.europesays.com\/se\/wp-json\/wp\/v2\/media?parent=116489"}],"wp:term":[{"taxonomy":"category","embeddable":true,"href":"https:\/\/www.europesays.com\/se\/wp-json\/wp\/v2\/categories?post=116489"},{"taxonomy":"post_tag","embeddable":true,"href":"https:\/\/www.europesays.com\/se\/wp-json\/wp\/v2\/tags?post=116489"}],"curies":[{"name":"wp","href":"https:\/\/api.w.org\/{rel}","templated":true}]}}