{"id":116493,"date":"2025-12-25T11:49:13","date_gmt":"2025-12-25T11:49:13","guid":{"rendered":"https:\/\/www.europesays.com\/se\/116493\/"},"modified":"2025-12-25T11:49:13","modified_gmt":"2025-12-25T11:49:13","slug":"kim-jong-un-pa-besok-i-pastadd-atomubat-fabrik","status":"publish","type":"post","link":"https:\/\/www.europesays.com\/se\/116493\/","title":{"rendered":"Kim Jong-Un p\u00e5 bes\u00f6k i p\u00e5st\u00e5dd atomub\u00e5t-fabrik"},"content":{"rendered":"<p>share-arrowDela<\/p>\n<p>unsaveSpara<\/p>\n<p>chevron-leftf\u00f6reg\u00e5ende<\/p>\n<ul class=\"carousel-container-viewport\" style=\"transform:translate3d(0%, 0, 0)\">\n<li class=\"carousel-slide\" style=\"z-index:1;filter:none(1);padding-bottom:66.36842%\"><img decoding=\"async\" class=\"image-asset hyperion-css-u06ts1\" data-test-tag=\"image-asset\" src=\"https:\/\/www.europesays.com\/se\/wp-content\/uploads\/2025\/12\/bd0e80fc-aa0f-4012-b92d-54f7d82d64e4\"  alt=\"\"  fetchpriority=\"auto\" style=\"aspect-ratio:1900 \/ 1261\"\/><\/li>\n<li class=\"carousel-slide\" style=\"filter:none(0.3);padding-bottom:66.36842%\"><img decoding=\"async\" class=\"image-asset hyperion-css-u06ts1\" data-test-tag=\"image-asset\" src=\"https:\/\/www.europesays.com\/se\/wp-content\/uploads\/2025\/12\/ee67fe15-fc4d-4c0c-93a1-56144e3f5df6\"  alt=\"\"  fetchpriority=\"auto\" style=\"aspect-ratio:1900 \/ 1261\"\/><\/li>\n<\/ul>\n<p>expand-left<\/p>\n<p>helsk\u00e4rmchevron-rightn\u00e4staBild fr\u00e5n statliga KCNA p\u00e5 vad som s\u00e4gs f\u00f6rest\u00e4lla en atomub\u00e5t<\/p>\n<p>1 \/ 2Foto: Kcna\/AP\/TT<\/p>\n<p class=\"hyperion-css-1shl3oz\" data-test-tag=\"lead-text\">P\u00e5 juldagen visade nordkoreanska medier upp bilder p\u00e5 vad som s\u00e4gs f\u00f6rest\u00e4lla en atomub\u00e5t. Bilderna, som tillhandah\u00f6lls av statliga KCNA, visar diktatorn Kim Jong-Un som inspekterar en k\u00e4rnkraftsdriven ub\u00e5t som p\u00e5st\u00e5s v\u00e4ga 8\u00a0700 ton.<\/p>\n<p class=\"hyperion-css-1v9qo5x\">Endast en handfull l\u00e4nder har k\u00e4rnvapendrivna ub\u00e5tar. I h\u00f6stas lovade USA:s president Donald Trump hj\u00e4lp med avancerad milit\u00e4r teknik till den demokratiska grannen Sydkorea f\u00f6r att kunna tillverka en s\u00e5dan.<\/p>\n<p class=\"hyperion-css-1v9qo5x\">Pyongyang ser Seouls ambitioner att utveckla k\u00e4rnvapenub\u00e5tar som \u201den offensiv handling som allvarligt kr\u00e4nker Nordkoreas s\u00e4kerhet och maritima suver\u00e4nitet\u201d, sade Kim Jong-Un, enligt KCNA.<\/p>\n<p class=\"hyperion-css-1v9qo5x\">Bilderna p\u00e5 ub\u00e5ten v\u00e4cker spekulationer om huruvida Ryssland hj\u00e4lpt Nordkorea att bygga en k\u00e4rnvapendriven ub\u00e5t, s\u00e4ger Hong Min, analytiker vid den sydkoreanska tankesmedjan Korea Institute for National Unification, till AFP.<\/p>\n<p class=\"hyperion-css-1v9qo5x\">Nordkorea och Ryssland har n\u00e4rmat sig varandra sedan Moskva inledde sin fullskaliga invasion av Ukraina f\u00f6r n\u00e4stan fyra \u00e5r sedan, och Pyongyang har skickat trupper f\u00f6r att kriga p\u00e5 den ryska sidan.<\/p>\n<p class=\"hyperion-css-1v9qo5x\">Sydkoreanska och v\u00e4sterl\u00e4ndska underr\u00e4ttelsetj\u00e4nster uppskattar att Nordkorea har skickat tusentals soldater, fr\u00e4mst till Kursk, tillsammans med artillerigranater, raketer och l\u00e5ngdistansraketsystem.<\/p>\n","protected":false},"excerpt":{"rendered":"share-arrowDela unsaveSpara chevron-leftf\u00f6reg\u00e5ende expand-left helsk\u00e4rmchevron-rightn\u00e4staBild fr\u00e5n statliga KCNA p\u00e5 vad som s\u00e4gs f\u00f6rest\u00e4lla en atomub\u00e5t 1 \/ 2Foto:&hellip;\n","protected":false},"author":2,"featured_media":116494,"comment_status":"","ping_status":"","sticky":false,"template":"","format":"standard","meta":{"footnotes":""},"categories":[14],"tags":[22,23,26,27,17,21,24,25,28,29,15,16,18,34,31,33,32,30,19,20,51,52,53,54],"class_list":{"0":"post-116493","1":"post","2":"type-post","3":"status-publish","4":"format-standard","5":"has-post-thumbnail","7":"category-varlden","8":"tag-breaking-news","9":"tag-breakingnews","10":"tag-featured-news","11":"tag-featurednews","12":"tag-headlines","13":"tag-huvudnyheter","14":"tag-latest-news","15":"tag-latestnews","16":"tag-main-news","17":"tag-mainnews","18":"tag-news","19":"tag-nyheter","20":"tag-rubriker","21":"tag-se","22":"tag-svenska","23":"tag-sverige","24":"tag-sweden","25":"tag-swedish","26":"tag-top-stories","27":"tag-topstories","28":"tag-varlden","29":"tag-world","30":"tag-world-news","31":"tag-worldnews"},"share_on_mastodon":{"url":"https:\/\/pubeurope.com\/@se\/115780057111450709","error":""},"_links":{"self":[{"href":"https:\/\/www.europesays.com\/se\/wp-json\/wp\/v2\/posts\/116493","targetHints":{"allow":["GET"]}}],"collection":[{"href":"https:\/\/www.europesays.com\/se\/wp-json\/wp\/v2\/posts"}],"about":[{"href":"https:\/\/www.europesays.com\/se\/wp-json\/wp\/v2\/types\/post"}],"author":[{"embeddable":true,"href":"https:\/\/www.europesays.com\/se\/wp-json\/wp\/v2\/users\/2"}],"replies":[{"embeddable":true,"href":"https:\/\/www.europesays.com\/se\/wp-json\/wp\/v2\/comments?post=116493"}],"version-history":[{"count":0,"href":"https:\/\/www.europesays.com\/se\/wp-json\/wp\/v2\/posts\/116493\/revisions"}],"wp:featuredmedia":[{"embeddable":true,"href":"https:\/\/www.europesays.com\/se\/wp-json\/wp\/v2\/media\/116494"}],"wp:attachment":[{"href":"https:\/\/www.europesays.com\/se\/wp-json\/wp\/v2\/media?parent=116493"}],"wp:term":[{"taxonomy":"category","embeddable":true,"href":"https:\/\/www.europesays.com\/se\/wp-json\/wp\/v2\/categories?post=116493"},{"taxonomy":"post_tag","embeddable":true,"href":"https:\/\/www.europesays.com\/se\/wp-json\/wp\/v2\/tags?post=116493"}],"curies":[{"name":"wp","href":"https:\/\/api.w.org\/{rel}","templated":true}]}}