{"id":116495,"date":"2025-12-25T11:51:15","date_gmt":"2025-12-25T11:51:15","guid":{"rendered":"https:\/\/www.europesays.com\/se\/116495\/"},"modified":"2025-12-25T11:51:15","modified_gmt":"2025-12-25T11:51:15","slug":"nodlage-i-los-angeles-efter-ovader","status":"publish","type":"post","link":"https:\/\/www.europesays.com\/se\/116495\/","title":{"rendered":"N\u00f6dl\u00e4ge i Los Angeles efter ov\u00e4der"},"content":{"rendered":"<p>Publicerad 25 dec 2025 kl 08.16Uppdaterad kl 12.09<\/p>\n<p>Minst tre d\u00f6da i vattenmassorna i Kalifornien<\/p>\n<p>Guvern\u00f6r Gavin Newsom har utlyst n\u00f6dl\u00e4ge i Los Angeles och andra delar av s\u00f6dra Kalifornien efter att stora m\u00e4ngder regn fallit p\u00e5 kort tid. Kraftiga \u00f6versv\u00e4mningar har orsakat kaos i delstaten och minst tre personer har d\u00f6tt.<\/p>\n<p>            <a href=\"mailto:webbrattelse@expressen.se?subject=Fel%20i%20artikel%3A%20N%C3%B6dl%C3%A4ge%20utlyst%20efter%20kaosregnet&amp;body=En%20l%C3%A4sare%20rapporterar%20fel%20i%20https%3A%2F%2Fwww.expressen.se%2Ftv%2Fnyheter%2Fvarlden%2Fkraftiga-oversvamningar-i-kalifornien%2F%0A%0AKommentar%3A%20\"><br \/>\n              Anm\u00e4l text- och faktafel<br \/>\n            <\/a><a href=\"https:\/\/www.expressen.se\/om-expressen\/sa-jobbar-vi-med-korrekta-publiceringar\/\" rel=\"nofollow noopener\" target=\"_blank\">V\u00e5ra kvalitetsrutiner<\/a><\/p>\n","protected":false},"excerpt":{"rendered":"Publicerad 25 dec 2025 kl 08.16Uppdaterad kl 12.09 Minst tre d\u00f6da i vattenmassorna i Kalifornien Guvern\u00f6r Gavin Newsom&hellip;\n","protected":false},"author":2,"featured_media":319,"comment_status":"","ping_status":"","sticky":false,"template":"","format":"standard","meta":{"footnotes":""},"categories":[5],"tags":[22,23,26,27,17,21,24,25,1503,1997,45,28,29,15,16,18,34,2077,55,31,33,32,30,19,503,290,20],"class_list":{"0":"post-116495","1":"post","2":"type-post","3":"status-publish","4":"format-standard","5":"has-post-thumbnail","7":"category-rubriker","8":"tag-breaking-news","9":"tag-breakingnews","10":"tag-featured-news","11":"tag-featurednews","12":"tag-headlines","13":"tag-huvudnyheter","14":"tag-latest-news","15":"tag-latestnews","16":"tag-location-kalifornien","17":"tag-location-los-angeles","18":"tag-location-usa","19":"tag-main-news","20":"tag-mainnews","21":"tag-news","22":"tag-nyheter","23":"tag-rubriker","24":"tag-se","25":"tag-sections-nyheter","26":"tag-sections-varlden","27":"tag-svenska","28":"tag-sverige","29":"tag-sweden","30":"tag-swedish","31":"tag-top-stories","32":"tag-topic-naturkatastrofer","33":"tag-topic-vaderprognos","34":"tag-topstories"},"share_on_mastodon":{"url":"https:\/\/pubeurope.com\/@se\/115780064599578004","error":""},"_links":{"self":[{"href":"https:\/\/www.europesays.com\/se\/wp-json\/wp\/v2\/posts\/116495","targetHints":{"allow":["GET"]}}],"collection":[{"href":"https:\/\/www.europesays.com\/se\/wp-json\/wp\/v2\/posts"}],"about":[{"href":"https:\/\/www.europesays.com\/se\/wp-json\/wp\/v2\/types\/post"}],"author":[{"embeddable":true,"href":"https:\/\/www.europesays.com\/se\/wp-json\/wp\/v2\/users\/2"}],"replies":[{"embeddable":true,"href":"https:\/\/www.europesays.com\/se\/wp-json\/wp\/v2\/comments?post=116495"}],"version-history":[{"count":0,"href":"https:\/\/www.europesays.com\/se\/wp-json\/wp\/v2\/posts\/116495\/revisions"}],"wp:featuredmedia":[{"embeddable":true,"href":"https:\/\/www.europesays.com\/se\/wp-json\/wp\/v2\/media\/319"}],"wp:attachment":[{"href":"https:\/\/www.europesays.com\/se\/wp-json\/wp\/v2\/media?parent=116495"}],"wp:term":[{"taxonomy":"category","embeddable":true,"href":"https:\/\/www.europesays.com\/se\/wp-json\/wp\/v2\/categories?post=116495"},{"taxonomy":"post_tag","embeddable":true,"href":"https:\/\/www.europesays.com\/se\/wp-json\/wp\/v2\/tags?post=116495"}],"curies":[{"name":"wp","href":"https:\/\/api.w.org\/{rel}","templated":true}]}}