{"id":116506,"date":"2025-12-25T12:01:09","date_gmt":"2025-12-25T12:01:09","guid":{"rendered":"https:\/\/www.europesays.com\/se\/116506\/"},"modified":"2025-12-25T12:01:09","modified_gmt":"2025-12-25T12:01:09","slug":"han-ska-ta-ukraina-till-vm-alla-vill-gora-nagot","status":"publish","type":"post","link":"https:\/\/www.europesays.com\/se\/116506\/","title":{"rendered":"Han ska ta Ukraina till VM: \u201dAlla vill g\u00f6ra n\u00e5got\u201d"},"content":{"rendered":"<p>I mars st\u00e4lls svenska fotbollsherrarna mot Ukraina i sista chansen att ta sig till VM. I en intervju med DN s\u00e4ger fotbollsikonen tillika f\u00f6rbundsordf\u00f6randen Andrej Sjevtjenko att Ukraina hade otur i lottningen, men att det kommer handla om f\u00f6rberedelser. <\/p>\n<p>F\u00f6r Sverige \u00e4r utmaningarna spelare med skador eller i d\u00e5lig form. Ukraina har andra problem: en hel generation fotbollsspelare som kallats in till arm\u00e9n, skriver DN. <\/p>\n<p>\u2013 Det \u00e4r inte s\u00e5 att kriget fungerar som \u201dmotivation\u201d i sig, men varje spelare vill g\u00f6ra n\u00e5got f\u00f6r sitt folk, s\u00e4ger Sjevtjenko till tidningen. <\/p>\n<p>Omni \u00e4r politiskt obundna och oberoende. Vi str\u00e4var efter att ge fler perspektiv p\u00e5 nyheterna. Har du fr\u00e5gor eller synpunkter kring v\u00e5r rapportering? <a href=\"https:\/\/omni.se\/han-ska-ta-ukraina-till-vm-alla-vill-gora-nagot\/a\/mailto:redaktion@omni.se\" class=\"ArticleActions_contactLink__W2F1M\" rel=\"nofollow noopener\" target=\"_blank\">Kontakta redaktionen<\/a><\/p>\n","protected":false},"excerpt":{"rendered":"I mars st\u00e4lls svenska fotbollsherrarna mot Ukraina i sista chansen att ta sig till VM. I en intervju&hellip;\n","protected":false},"author":2,"featured_media":116507,"comment_status":"","ping_status":"","sticky":false,"template":"","format":"standard","meta":{"footnotes":""},"categories":[68],"tags":[137,138,1196,34,111,110,31,33,32,30,296],"class_list":{"0":"post-116506","1":"post","2":"type-post","3":"status-publish","4":"format-standard","5":"has-post-thumbnail","7":"category-sport","8":"tag-alexander-isak","9":"tag-fotboll","10":"tag-herrlandslaget-i-fotboll","11":"tag-se","12":"tag-sport","13":"tag-sports","14":"tag-svenska","15":"tag-sverige","16":"tag-sweden","17":"tag-swedish","18":"tag-viktor-gyokeres"},"share_on_mastodon":{"url":"https:\/\/pubeurope.com\/@se\/115780103949162796","error":""},"_links":{"self":[{"href":"https:\/\/www.europesays.com\/se\/wp-json\/wp\/v2\/posts\/116506","targetHints":{"allow":["GET"]}}],"collection":[{"href":"https:\/\/www.europesays.com\/se\/wp-json\/wp\/v2\/posts"}],"about":[{"href":"https:\/\/www.europesays.com\/se\/wp-json\/wp\/v2\/types\/post"}],"author":[{"embeddable":true,"href":"https:\/\/www.europesays.com\/se\/wp-json\/wp\/v2\/users\/2"}],"replies":[{"embeddable":true,"href":"https:\/\/www.europesays.com\/se\/wp-json\/wp\/v2\/comments?post=116506"}],"version-history":[{"count":0,"href":"https:\/\/www.europesays.com\/se\/wp-json\/wp\/v2\/posts\/116506\/revisions"}],"wp:featuredmedia":[{"embeddable":true,"href":"https:\/\/www.europesays.com\/se\/wp-json\/wp\/v2\/media\/116507"}],"wp:attachment":[{"href":"https:\/\/www.europesays.com\/se\/wp-json\/wp\/v2\/media?parent=116506"}],"wp:term":[{"taxonomy":"category","embeddable":true,"href":"https:\/\/www.europesays.com\/se\/wp-json\/wp\/v2\/categories?post=116506"},{"taxonomy":"post_tag","embeddable":true,"href":"https:\/\/www.europesays.com\/se\/wp-json\/wp\/v2\/tags?post=116506"}],"curies":[{"name":"wp","href":"https:\/\/api.w.org\/{rel}","templated":true}]}}