{"id":116508,"date":"2025-12-25T12:02:07","date_gmt":"2025-12-25T12:02:07","guid":{"rendered":"https:\/\/www.europesays.com\/se\/116508\/"},"modified":"2025-12-25T12:02:07","modified_gmt":"2025-12-25T12:02:07","slug":"supersstjarnan-faller-hart-av-scenen","status":"publish","type":"post","link":"https:\/\/www.europesays.com\/se\/116508\/","title":{"rendered":"Supersstj\u00e4rnan faller h\u00e5rt av scenen"},"content":{"rendered":"<p>Publicerad 25 dec 2025 kl 12.51Uppdaterad kl 12.51<\/p>\n<p>Fansen i chock n\u00e4r Mayday-s\u00e5ngaren f\u00f6rsvinner<\/p>\n<p>Mayday-s\u00e5ngaren Ashin faller tv\u00e5 meter fr\u00e5n scenen under en konsert i Shanghai i Kina. 50-\u00e5ringen sl\u00e5r i huvudet men \u00e5terh\u00e4mtar sig snabbt, sk\u00e4mtar med publiken och avslutar showen som planerat. Tas till sjukhus efter spelningen f\u00f6r kontroll.<\/p>\n<p>            <a href=\"mailto:webbrattelse@expressen.se?subject=Fel%20i%20artikel%3A%20Supersstj%C3%A4rnan%20faller%20av%20scenen&amp;body=En%20l%C3%A4sare%20rapporterar%20fel%20i%20https%3A%2F%2Fwww.expressen.se%2Ftv%2Fnoje%2Fsupersstjarnan-faller-av-scenen%2F%0A%0AKommentar%3A%20\"><br \/>\n              Anm\u00e4l text- och faktafel<br \/>\n            <\/a><a href=\"https:\/\/www.expressen.se\/om-expressen\/sa-jobbar-vi-med-korrekta-publiceringar\/\" rel=\"nofollow noopener\" target=\"_blank\">V\u00e5ra kvalitetsrutiner<\/a><\/p>\n","protected":false},"excerpt":{"rendered":"Publicerad 25 dec 2025 kl 12.51Uppdaterad kl 12.51 Fansen i chock n\u00e4r Mayday-s\u00e5ngaren f\u00f6rsvinner Mayday-s\u00e5ngaren Ashin faller tv\u00e5&hellip;\n","protected":false},"author":2,"featured_media":319,"comment_status":"","ping_status":"","sticky":false,"template":"","format":"standard","meta":{"footnotes":""},"categories":[67],"tags":[104,972,12549,34,12493,31,33,32,30,143,105],"class_list":{"0":"post-116508","1":"post","2":"type-post","3":"status-publish","4":"format-standard","5":"has-post-thumbnail","7":"category-underhallning","8":"tag-entertainment","9":"tag-location-kina","10":"tag-location-shanghai","11":"tag-se","12":"tag-sections-noje","13":"tag-svenska","14":"tag-sverige","15":"tag-sweden","16":"tag-swedish","17":"tag-topic-konsert","18":"tag-underhallning"},"share_on_mastodon":{"url":"https:\/\/pubeurope.com\/@se\/115780107867363594","error":""},"_links":{"self":[{"href":"https:\/\/www.europesays.com\/se\/wp-json\/wp\/v2\/posts\/116508","targetHints":{"allow":["GET"]}}],"collection":[{"href":"https:\/\/www.europesays.com\/se\/wp-json\/wp\/v2\/posts"}],"about":[{"href":"https:\/\/www.europesays.com\/se\/wp-json\/wp\/v2\/types\/post"}],"author":[{"embeddable":true,"href":"https:\/\/www.europesays.com\/se\/wp-json\/wp\/v2\/users\/2"}],"replies":[{"embeddable":true,"href":"https:\/\/www.europesays.com\/se\/wp-json\/wp\/v2\/comments?post=116508"}],"version-history":[{"count":0,"href":"https:\/\/www.europesays.com\/se\/wp-json\/wp\/v2\/posts\/116508\/revisions"}],"wp:featuredmedia":[{"embeddable":true,"href":"https:\/\/www.europesays.com\/se\/wp-json\/wp\/v2\/media\/319"}],"wp:attachment":[{"href":"https:\/\/www.europesays.com\/se\/wp-json\/wp\/v2\/media?parent=116508"}],"wp:term":[{"taxonomy":"category","embeddable":true,"href":"https:\/\/www.europesays.com\/se\/wp-json\/wp\/v2\/categories?post=116508"},{"taxonomy":"post_tag","embeddable":true,"href":"https:\/\/www.europesays.com\/se\/wp-json\/wp\/v2\/tags?post=116508"}],"curies":[{"name":"wp","href":"https:\/\/api.w.org\/{rel}","templated":true}]}}