{"id":116510,"date":"2025-12-25T12:05:22","date_gmt":"2025-12-25T12:05:22","guid":{"rendered":"https:\/\/www.europesays.com\/se\/116510\/"},"modified":"2025-12-25T12:05:22","modified_gmt":"2025-12-25T12:05:22","slug":"eu-toppar-fordomer-usas-visumstopp-for-fem-europeer","status":"publish","type":"post","link":"https:\/\/www.europesays.com\/se\/116510\/","title":{"rendered":"EU-toppar f\u00f6rd\u00f6mer USA:s visumstopp f\u00f6r fem europ\u00e9er"},"content":{"rendered":"<p>Reaktionerna fr\u00e5n EU och europeiska ledare har varit kraftiga sedan USA drog in visumen f\u00f6r fem europ\u00e9er \u2013\u00a0med den tidigare EU-kommission\u00e4ren Thierry Breton i spetsen. \u00d6vriga arbetar p\u00e5 olika s\u00e4tt mot desinformation och hat p\u00e5 n\u00e4tet.<\/p>\n<p>Frankrikes president Emmanuel Macron anklagar USA f\u00f6r att f\u00f6rs\u00f6ka skr\u00e4mma och pressa Europa.<\/p>\n<p>EU-kommissionen f\u00f6rd\u00f6mer USA:s agerande och har kr\u00e4vt att landet f\u00f6rklarar sig. Om det blir n\u00f6dv\u00e4ndigt \u00e4r unionen redo att agera mot de \u201dobefogade \u00e5tg\u00e4rderna\u201d. Utrikeschefen Kaja Kallas skriver att Washington f\u00f6rs\u00f6ker utmana EU:s suver\u00e4nitet.<\/p>\n<p>          <img decoding=\"async\" class=\"picture__img\" src=\"https:\/\/www.europesays.com\/se\/wp-content\/uploads\/2025\/12\/cb475537-ff32-4718-9e5a-ba1d4df4f35d.jpeg\"   alt=\"Den tidigare EU-kommission\u00e4ren Thierry Breton.\"\/><\/p>\n<p>      Den tidigare EU-kommission\u00e4ren Thierry Breton.<\/p>\n<p>      Foto: Josh Edelson\/AFP<\/p>\n<p><strong>Enligt USA riktas<\/strong> visumstoppet mot personer och organisationer som har drivit p\u00e5 f\u00f6r att inf\u00f6ra restriktioner mot amerikanska techbolag. Utrikesminister Marco Rubio beskriver de fem europ\u00e9erna som <a href=\"https:\/\/www.state.gov\/releases\/office-of-the-spokesperson\/2025\/12\/announcement-of-actions-to-combat-the-global-censorship-industrial-complex\" rel=\"nofollow noopener\" target=\"_blank\">radikala aktivister<\/a> som f\u00f6rs\u00f6ker censurera bolagen och tysta \u00e5sikter de inte delar.<\/p>\n<p>\u201dUtrikesdepartementet \u00e4r redo och villiga att expandera tagens lista om utl\u00e4ndska akt\u00f6rer inte \u00e4ndrar h\u00e5llning\u201d, skrev Rubio p\u00e5 tisdagen.<\/p>\n<p>Amerikanska f\u00f6retr\u00e4dare kallar Thierry Breton f\u00f6r hj\u00e4rnan bakom den s\u00e5 kallade DSA-lagen som EU r\u00f6stade igenom 2022. Lagstiftningen st\u00e4ller krav p\u00e5 bland annat sociala medieplattformar och s\u00f6kmotorer att vidta \u00e5tg\u00e4rder f\u00f6r att anv\u00e4ndare inte ska sprida olagligt eller samh\u00e4llsskadligt inneh\u00e5ll p\u00e5 tj\u00e4nsterna. Bolag som bryter mot DSA riskerar b\u00f6ter.<\/p>\n<p>Breton sj\u00e4lv s\u00e4ger att visumstoppet \u00e4r en h\u00e4xjakt.<\/p>\n","protected":false},"excerpt":{"rendered":"Reaktionerna fr\u00e5n EU och europeiska ledare har varit kraftiga sedan USA drog in visumen f\u00f6r fem europ\u00e9er \u2013\u00a0med&hellip;\n","protected":false},"author":2,"featured_media":116511,"comment_status":"","ping_status":"","sticky":false,"template":"","format":"standard","meta":{"footnotes":""},"categories":[14],"tags":[22,23,26,27,17,21,24,25,28,29,15,16,18,34,31,33,32,30,19,20,51,52,53,54],"class_list":{"0":"post-116510","1":"post","2":"type-post","3":"status-publish","4":"format-standard","5":"has-post-thumbnail","7":"category-varlden","8":"tag-breaking-news","9":"tag-breakingnews","10":"tag-featured-news","11":"tag-featurednews","12":"tag-headlines","13":"tag-huvudnyheter","14":"tag-latest-news","15":"tag-latestnews","16":"tag-main-news","17":"tag-mainnews","18":"tag-news","19":"tag-nyheter","20":"tag-rubriker","21":"tag-se","22":"tag-svenska","23":"tag-sverige","24":"tag-sweden","25":"tag-swedish","26":"tag-top-stories","27":"tag-topstories","28":"tag-varlden","29":"tag-world","30":"tag-world-news","31":"tag-worldnews"},"share_on_mastodon":{"url":"https:\/\/pubeurope.com\/@se\/115780119913847268","error":""},"_links":{"self":[{"href":"https:\/\/www.europesays.com\/se\/wp-json\/wp\/v2\/posts\/116510","targetHints":{"allow":["GET"]}}],"collection":[{"href":"https:\/\/www.europesays.com\/se\/wp-json\/wp\/v2\/posts"}],"about":[{"href":"https:\/\/www.europesays.com\/se\/wp-json\/wp\/v2\/types\/post"}],"author":[{"embeddable":true,"href":"https:\/\/www.europesays.com\/se\/wp-json\/wp\/v2\/users\/2"}],"replies":[{"embeddable":true,"href":"https:\/\/www.europesays.com\/se\/wp-json\/wp\/v2\/comments?post=116510"}],"version-history":[{"count":0,"href":"https:\/\/www.europesays.com\/se\/wp-json\/wp\/v2\/posts\/116510\/revisions"}],"wp:featuredmedia":[{"embeddable":true,"href":"https:\/\/www.europesays.com\/se\/wp-json\/wp\/v2\/media\/116511"}],"wp:attachment":[{"href":"https:\/\/www.europesays.com\/se\/wp-json\/wp\/v2\/media?parent=116510"}],"wp:term":[{"taxonomy":"category","embeddable":true,"href":"https:\/\/www.europesays.com\/se\/wp-json\/wp\/v2\/categories?post=116510"},{"taxonomy":"post_tag","embeddable":true,"href":"https:\/\/www.europesays.com\/se\/wp-json\/wp\/v2\/tags?post=116510"}],"curies":[{"name":"wp","href":"https:\/\/api.w.org\/{rel}","templated":true}]}}