{"id":116520,"date":"2025-12-25T12:12:14","date_gmt":"2025-12-25T12:12:14","guid":{"rendered":"https:\/\/www.europesays.com\/se\/116520\/"},"modified":"2025-12-25T12:12:14","modified_gmt":"2025-12-25T12:12:14","slug":"forsiktig-ljusning-i-handeln-orebronyheter","status":"publish","type":"post","link":"https:\/\/www.europesays.com\/se\/116520\/","title":{"rendered":"F\u00f6rsiktig ljusning i handeln \u2013 \u00d6rebronyheter"},"content":{"rendered":"<p>\t\t\t\t\t\t\t\t<img width=\"300\" height=\"336\" src=\"https:\/\/www.europesays.com\/se\/wp-content\/uploads\/2025\/12\/kopmangatan-300x336.jpg\" class=\"attachment-post-thumb size-post-thumb wp-post-image\" alt=\"\" decoding=\"async\" fetchpriority=\"high\"  \/>\t\t\t\t\t\t\t\t\t\t\t\t\t\t\t\t\tFoto: Anders Olofsson<\/p>\n<p><strong> Framtidstron inom handeln forts\u00e4tter att st\u00e4rkas. Dagligvaru- och partihandeln ser nu positivt p\u00e5 kommande tre m\u00e5nader, medan s\u00e4llank\u00f6psvaruhandeln fortsatt pr\u00e4glas av en n\u00e5got mer d\u00e4mpad syn p\u00e5 framtiden. Det visar Svensk Handels Handelsbarometer.<\/strong><\/p>\n<p>M\u00e5nadens m\u00e4tning visar p\u00e5 en sammantaget mer positiv riktning f\u00f6r handelns sentiment. Tv\u00e5 av tre delbranscher befinner sig nu \u00f6ver det neutrala v\u00e4rdet 100, vilket indikerar en ljusare framtidstro.<\/p>\n<p>\u2014 Det r\u00f6r sig om f\u00f6rsiktiga r\u00f6relser, men sammantaget g\u00e5r utvecklingen \u00e5t r\u00e4tt h\u00e5ll. Att tv\u00e5 av tre handelsbranscher nu ligger \u00f6ver det neutrala v\u00e4rdet \u00e4r s\u00e5v\u00e4l v\u00e4lbeh\u00f6vligt som ett styrketecken efter en l\u00e5ng period av os\u00e4kerhet. Det k\u00e4nns upplyftande att g\u00e5 in i ett nytt \u00e5r med dessa siffror i ryggen, s\u00e4ger Sofia Larsen, vd f\u00f6r Svensk Handel.<\/p>\n<p><strong>St\u00e4rkt framtidstro inom dagligvaruhandeln trots tro p\u00e5 minskad f\u00f6rs\u00e4ljning<\/strong><\/p>\n<p>Dagligvaruhandelns framtidsindikator steg med 0,5 enheter i december till 100,6. Uppg\u00e5ngen drevs helt av en tydligt f\u00f6rb\u00e4ttrad syn p\u00e5 l\u00f6nsamheten, som \u00f6kade med 3,4 enheter till 95,7. Samtidigt bidrog synen p\u00e5 b\u00e5de f\u00f6rs\u00e4ljningen och syssels\u00e4ttningen negativt till indikatorn.<\/p>\n<p>\u2014 Det \u00e4r givetvis gl\u00e4djande att framtidstron inom dagligvaruhandeln f\u00f6rblir optimistisk. Att l\u00f6nsamhetsbed\u00f6mningen st\u00e4rks \u00e4r positivt, men os\u00e4kerheten kring antalet anst\u00e4llda kvarst\u00e5r. H\u00e4r hoppas vi p\u00e5 att politiska verktyg, som den tillf\u00e4lligt s\u00e4nkta arbetsgivaravgiften, kan bidra till att st\u00e4rka framtidstron, s\u00e4ger Sofia Larsen.<\/p>\n<p><strong>Svagare framtidstro trots gynnsamma f\u00f6ruts\u00e4ttningar i s\u00e4llank\u00f6psvaruhandeln<\/strong><\/p>\n<p>S\u00e4llank\u00f6psvaruhandelns framtidsindikator sj\u00f6nk marginellt med 0,2 enheter till 94,7, och framtidsf\u00f6rv\u00e4ntningarna f\u00f6rbli allts\u00e5 pessimistiska. Synen p\u00e5 l\u00f6nsamheten st\u00e4rktes dock tydligt, medan framtidstron g\u00e4llande f\u00f6rs\u00e4ljning och antal anst\u00e4llda f\u00f6rs\u00e4mrades.<\/p>\n<p>\u2014 Vi hade hoppats p\u00e5 att framtidstron inom s\u00e4llank\u00f6psvaruhandeln skulle \u00f6ka. S\u00e4rskilt givet att volymf\u00f6rs\u00e4ljningen utvecklas starkt och att inflationen f\u00f6r s\u00e4llank\u00f6psvaror ligger omkring noll. M\u00e5nadens siffror \u00e4r en viktig p\u00e5minnelse om att m\u00e5nga f\u00f6retag fortsatt har det tufft, men vi tror att l\u00e4get kommer att ljusna n\u00e5got under 2026, s\u00e4ger Sofia Larsen.<\/p>\n<p><strong>Ekonomi | \u00d6rebro\/L\u00e4net<\/strong><br \/><strong>\u00d6rebronyheter<\/strong><\/p>\n<p>K\u00e4lla: Svensk Handel<\/p>\n","protected":false},"excerpt":{"rendered":"Foto: Anders Olofsson Framtidstron inom handeln forts\u00e4tter att st\u00e4rkas. Dagligvaru- och partihandeln ser nu positivt p\u00e5 kommande tre&hellip;\n","protected":false},"author":2,"featured_media":116521,"comment_status":"","ping_status":"","sticky":false,"template":"","format":"standard","meta":{"footnotes":""},"categories":[65],"tags":[72,70,71,34,31,33,32,30],"class_list":{"0":"post-116520","1":"post","2":"type-post","3":"status-publish","4":"format-standard","5":"has-post-thumbnail","7":"category-ekonomi","8":"tag-business","9":"tag-economy","10":"tag-ekonomi","11":"tag-se","12":"tag-svenska","13":"tag-sverige","14":"tag-sweden","15":"tag-swedish"},"share_on_mastodon":{"url":"https:\/\/pubeurope.com\/@se\/115780147372905161","error":""},"_links":{"self":[{"href":"https:\/\/www.europesays.com\/se\/wp-json\/wp\/v2\/posts\/116520","targetHints":{"allow":["GET"]}}],"collection":[{"href":"https:\/\/www.europesays.com\/se\/wp-json\/wp\/v2\/posts"}],"about":[{"href":"https:\/\/www.europesays.com\/se\/wp-json\/wp\/v2\/types\/post"}],"author":[{"embeddable":true,"href":"https:\/\/www.europesays.com\/se\/wp-json\/wp\/v2\/users\/2"}],"replies":[{"embeddable":true,"href":"https:\/\/www.europesays.com\/se\/wp-json\/wp\/v2\/comments?post=116520"}],"version-history":[{"count":0,"href":"https:\/\/www.europesays.com\/se\/wp-json\/wp\/v2\/posts\/116520\/revisions"}],"wp:featuredmedia":[{"embeddable":true,"href":"https:\/\/www.europesays.com\/se\/wp-json\/wp\/v2\/media\/116521"}],"wp:attachment":[{"href":"https:\/\/www.europesays.com\/se\/wp-json\/wp\/v2\/media?parent=116520"}],"wp:term":[{"taxonomy":"category","embeddable":true,"href":"https:\/\/www.europesays.com\/se\/wp-json\/wp\/v2\/categories?post=116520"},{"taxonomy":"post_tag","embeddable":true,"href":"https:\/\/www.europesays.com\/se\/wp-json\/wp\/v2\/tags?post=116520"}],"curies":[{"name":"wp","href":"https:\/\/api.w.org\/{rel}","templated":true}]}}