{"id":116526,"date":"2025-12-25T12:19:28","date_gmt":"2025-12-25T12:19:28","guid":{"rendered":"https:\/\/www.europesays.com\/se\/116526\/"},"modified":"2025-12-25T12:19:28","modified_gmt":"2025-12-25T12:19:28","slug":"efter-tacklingen-mot-isak-ber-om-ursakt-2","status":"publish","type":"post","link":"https:\/\/www.europesays.com\/se\/116526\/","title":{"rendered":"Efter tacklingen mot Isak \u2013 ber om urs\u00e4kt"},"content":{"rendered":"<p class=\"boxtextgrotesk-root_baa6 hyperion-css-1w346fg\">Publicerad 2025-12-24 12.04<\/p>\n<p>share-arrowDela<\/p>\n<p>unsaveSpara<\/p>\n<p>expand-left<\/p>\n<p>helsk\u00e4rm<img decoding=\"async\" class=\"image-asset hyperion-css-u06ts1\" data-test-tag=\"image-asset\" src=\"https:\/\/www.europesays.com\/se\/wp-content\/uploads\/2025\/12\/be953999-a1a5-4c0e-b37a-b813f001142e\"  alt=\"Alexander Isak gjorde m\u00e5l, men blev i samma stund tacklad av van de Ven.\"  loading=\"eager\" fetchpriority=\"high\" style=\"aspect-ratio:1900 \/ 1267\"\/>Alexander Isak gjorde m\u00e5l, men blev i samma stund tacklad av van de Ven. Foto: Ian Walton\/AP\/TT<\/p>\n<p class=\"hyperion-css-1shl3oz\" data-test-tag=\"lead-text\">Tottenhams Micky van de Ven br\u00f6t benet p\u00e5 Alexander Isak. Nu ber han om urs\u00e4kt.<\/p>\n<p class=\"hyperion-css-1v9qo5x\">\u2013 Jag har skickat ett meddelande till honom, s\u00e4ger han till Sky Sports.<\/p>\n<p class=\"hyperion-css-1v9qo5x\">van de Ven kom in sent i en duell och Liverpools Alexander Isak fick l\u00e4mna planen med vad som senare visade sig vara ett benbrott.<\/p>\n<p class=\"hyperion-css-1v9qo5x\">\u2013 Jag ville inte skada honom, det var inte meningen. Jag tycker att det var lite oturligt hur hans fot hamnade mellan mina ben, s\u00e4ger van de Ven till Sky Sports.<\/p>\n<p class=\"hyperion-css-1v9qo5x\">Han klarade sig utan varning i matchen, men kritiken efter\u00e5t har varit massiv. Liverpools tr\u00e4nare kallade tacklingen \u201dv\u00e5rdsl\u00f6s\u201d p\u00e5 presskonferensen dagen efter.<\/p>\n<p class=\"hyperion-css-1v9qo5x\">I sitt meddelande \u00f6nskade van de Ven Isak all lycka med \u00e5terh\u00e4mtningen, och Alexander Isak svarade.<\/p>\n<p class=\"hyperion-css-1v9qo5x\">\u2013 Han uppskattade verkligen meddelandet, och skrev tillbaka, s\u00e4ger van de Ven.<\/p>\n<p class=\"hyperion-css-1v9qo5x\">Liverpool har sagt att det r\u00f6r sig om en \u201dl\u00e5ng skada\u201d p\u00e5 Isak och enligt en l\u00e4kare kan det handla om rehab p\u00e5 upp till sex m\u00e5nader. Om tre m\u00e5nader ska Sverige spela VM-playoff mot Ukraina i Valencia, och Alexander Isaks medverkan \u00e4r d\u00e4rmed h\u00f6gst oklar.<\/p>\n","protected":false},"excerpt":{"rendered":"Publicerad 2025-12-24 12.04 share-arrowDela unsaveSpara expand-left helsk\u00e4rmAlexander Isak gjorde m\u00e5l, men blev i samma stund tacklad av van&hellip;\n","protected":false},"author":2,"featured_media":116527,"comment_status":"","ping_status":"","sticky":false,"template":"","format":"standard","meta":{"footnotes":""},"categories":[68],"tags":[34,111,110,31,33,32,30],"class_list":{"0":"post-116526","1":"post","2":"type-post","3":"status-publish","4":"format-standard","5":"has-post-thumbnail","7":"category-sport","8":"tag-se","9":"tag-sport","10":"tag-sports","11":"tag-svenska","12":"tag-sverige","13":"tag-sweden","14":"tag-swedish"},"share_on_mastodon":{"url":"https:\/\/pubeurope.com\/@se\/115780174953354600","error":""},"_links":{"self":[{"href":"https:\/\/www.europesays.com\/se\/wp-json\/wp\/v2\/posts\/116526","targetHints":{"allow":["GET"]}}],"collection":[{"href":"https:\/\/www.europesays.com\/se\/wp-json\/wp\/v2\/posts"}],"about":[{"href":"https:\/\/www.europesays.com\/se\/wp-json\/wp\/v2\/types\/post"}],"author":[{"embeddable":true,"href":"https:\/\/www.europesays.com\/se\/wp-json\/wp\/v2\/users\/2"}],"replies":[{"embeddable":true,"href":"https:\/\/www.europesays.com\/se\/wp-json\/wp\/v2\/comments?post=116526"}],"version-history":[{"count":0,"href":"https:\/\/www.europesays.com\/se\/wp-json\/wp\/v2\/posts\/116526\/revisions"}],"wp:featuredmedia":[{"embeddable":true,"href":"https:\/\/www.europesays.com\/se\/wp-json\/wp\/v2\/media\/116527"}],"wp:attachment":[{"href":"https:\/\/www.europesays.com\/se\/wp-json\/wp\/v2\/media?parent=116526"}],"wp:term":[{"taxonomy":"category","embeddable":true,"href":"https:\/\/www.europesays.com\/se\/wp-json\/wp\/v2\/categories?post=116526"},{"taxonomy":"post_tag","embeddable":true,"href":"https:\/\/www.europesays.com\/se\/wp-json\/wp\/v2\/tags?post=116526"}],"curies":[{"name":"wp","href":"https:\/\/api.w.org\/{rel}","templated":true}]}}