{"id":116528,"date":"2025-12-25T12:20:46","date_gmt":"2025-12-25T12:20:46","guid":{"rendered":"https:\/\/www.europesays.com\/se\/116528\/"},"modified":"2025-12-25T12:20:46","modified_gmt":"2025-12-25T12:20:46","slug":"arets-storsta-svenska-film-har-just-passerat-100-000-biobesok","status":"publish","type":"post","link":"https:\/\/www.europesays.com\/se\/116528\/","title":{"rendered":"\u00c5rets st\u00f6rsta svenska film har just passerat 100 000 biobes\u00f6k"},"content":{"rendered":"<p>Fira jul med en finnig ton\u00e5ring och hans k\u00e4rleksproblem \u2013 l\u00e5ter det lockande? Idag sl\u00e4pps komedin \u201dBert sabbar allt\u201d p\u00e5 digitala tj\u00e4nster efter en succ\u00e9h\u00f6st p\u00e5 bio.<\/p>\n<p>Regiss\u00f6r <strong>Manuel Concha <\/strong>och huvudrollsinnehavaren <strong>Axel Adel\u00f6w<\/strong> (som k\u00e4nns igen fr\u00e5n julkalendern om \u201dFamiljen Knyckertz\u201d) har v\u00e4ckt nytt liv i den \u00e4lskade karakt\u00e4ren. Berts dagb\u00f6cker, f\u00f6rfattade av <strong>Anders Jacobsson<\/strong> och <strong>S\u00f6ren Olsson<\/strong>, har hittats i m\u00e5nga pojkrum sedan slutet av 1980-talet. Och den senaste filmen visade sig bli en publikdragare.<\/p>\n<p><img loading=\"lazy\" height=\"365\" width=\"648\" class=\"wp-image-704270 sp-no-webp perfmatters-lazy\" alt=\"\" decoding=\"async\" src=\"https:\/\/www.europesays.com\/se\/wp-content\/uploads\/2025\/12\/Bert-foto-carl-nilsson-sf-648x365.jpg\"  data-\/> <\/p>\n<p>Senast ig\u00e5r meddelade regiss\u00f6ren att filmen n\u00e5tt en milstolpe p\u00e5 100 000 biobes\u00f6k. Det g\u00f6r den till \u00e5rets mest sedda svenska biofilm hittills (vi f\u00e5r se om Hannes Holms <a href=\"https:\/\/www.moviezine.se\/movies\/regnmannen\" rel=\"nofollow noopener\" target=\"_blank\">julpremi\u00e4r \u201dRegnmannen\u201d<\/a> lyckas \u00f6verta titeln).<\/p>\n<p>\u201dTack till alla som har sett filmen, skrattat, gr\u00e5tit och k\u00e4nt igen sig. Och tack till alla som varit med och gjort den m\u00f6jlig\u201d skriver Manuel Concha p\u00e5 Instagram.<\/p>\n<p>\u201dBert sabbar allt\u201d hittas nu som k\u00f6pfilm hos bland annat SF Anytime, Rakuten TV och Viaplay Store.<\/p>\n<p>L\u00e4s ocks\u00e5: <a href=\"https:\/\/www.moviezine.se\/nyheter\/6-starka-filmer-for-alla-smaker-gar-upp-pa-bio-till-jul\" title=\"6 starka filmer f\u00f6r alla smaker g\u00e5r upp p\u00e5 bio till jul!\" class=\"underline-custom !font-montserrat !font-bold !underline-offset-4 !decoration-4 !decoration-moviezine-green !text-md\" rel=\"nofollow noopener\" target=\"_blank\">6 starka filmer f\u00f6r alla smaker g\u00e5r upp p\u00e5 bio till jul!<\/a><\/p>\n<p>L\u00e4s ocks\u00e5: <a href=\"https:\/\/www.moviezine.se\/nyheter\/axel-adelow-kande-pressen-infor-sin-forsta-huvudroll-manga-har-en-relation-till-bert\" title=\"Axel Adel\u00f6w k\u00e4nde pressen inf\u00f6r sin f\u00f6rsta huvudroll: \u201dM\u00e5nga har en relation till Bert\u201d\" class=\"underline-custom !font-montserrat !font-bold !underline-offset-4 !decoration-4 !decoration-moviezine-green !text-md\" rel=\"nofollow noopener\" target=\"_blank\">Axel Adel\u00f6w k\u00e4nde pressen inf\u00f6r sin f\u00f6rsta huvudroll: \u201dM\u00e5nga har en relation till Bert\u201d<\/a><\/p>\n","protected":false},"excerpt":{"rendered":"Fira jul med en finnig ton\u00e5ring och hans k\u00e4rleksproblem \u2013 l\u00e5ter det lockande? Idag sl\u00e4pps komedin \u201dBert sabbar&hellip;\n","protected":false},"author":2,"featured_media":116529,"comment_status":"","ping_status":"","sticky":false,"template":"","format":"standard","meta":{"footnotes":""},"categories":[67],"tags":[2372,104,34,2535,31,33,32,30,105],"class_list":{"0":"post-116528","1":"post","2":"type-post","3":"status-publish","4":"format-standard","5":"has-post-thumbnail","7":"category-underhallning","8":"tag-digitalpremiar","9":"tag-entertainment","10":"tag-se","11":"tag-svensk-film","12":"tag-svenska","13":"tag-sverige","14":"tag-sweden","15":"tag-swedish","16":"tag-underhallning"},"share_on_mastodon":{"url":"https:\/\/pubeurope.com\/@se\/115780178855563346","error":""},"_links":{"self":[{"href":"https:\/\/www.europesays.com\/se\/wp-json\/wp\/v2\/posts\/116528","targetHints":{"allow":["GET"]}}],"collection":[{"href":"https:\/\/www.europesays.com\/se\/wp-json\/wp\/v2\/posts"}],"about":[{"href":"https:\/\/www.europesays.com\/se\/wp-json\/wp\/v2\/types\/post"}],"author":[{"embeddable":true,"href":"https:\/\/www.europesays.com\/se\/wp-json\/wp\/v2\/users\/2"}],"replies":[{"embeddable":true,"href":"https:\/\/www.europesays.com\/se\/wp-json\/wp\/v2\/comments?post=116528"}],"version-history":[{"count":0,"href":"https:\/\/www.europesays.com\/se\/wp-json\/wp\/v2\/posts\/116528\/revisions"}],"wp:featuredmedia":[{"embeddable":true,"href":"https:\/\/www.europesays.com\/se\/wp-json\/wp\/v2\/media\/116529"}],"wp:attachment":[{"href":"https:\/\/www.europesays.com\/se\/wp-json\/wp\/v2\/media?parent=116528"}],"wp:term":[{"taxonomy":"category","embeddable":true,"href":"https:\/\/www.europesays.com\/se\/wp-json\/wp\/v2\/categories?post=116528"},{"taxonomy":"post_tag","embeddable":true,"href":"https:\/\/www.europesays.com\/se\/wp-json\/wp\/v2\/tags?post=116528"}],"curies":[{"name":"wp","href":"https:\/\/api.w.org\/{rel}","templated":true}]}}