{"id":116530,"date":"2025-12-25T12:21:07","date_gmt":"2025-12-25T12:21:07","guid":{"rendered":"https:\/\/www.europesays.com\/se\/116530\/"},"modified":"2025-12-25T12:21:07","modified_gmt":"2025-12-25T12:21:07","slug":"stor-forvirring-efter-microsoft-uttalande-om-ai-kod-i-windows","status":"publish","type":"post","link":"https:\/\/www.europesays.com\/se\/116530\/","title":{"rendered":"Stor f\u00f6rvirring efter Microsoft-uttalande om AI-kod i Windows"},"content":{"rendered":"<p>H\u00e4romdagen skrev Microsoft-ingenj\u00f6ren Galen Hunt ett uppm\u00e4rksammat inl\u00e4gg p\u00e5 Linkedin d\u00e4r han konstaterade att f\u00f6retaget ska anv\u00e4nda sig av AI f\u00f6r att ers\u00e4tta all kod i Windows som \u00e4r skriven i C och C++ innan 2030, detta till f\u00f6rm\u00e5n f\u00f6r det nyare programmeringsspr\u00e5ket Rust.<\/p>\n<p>Efter uppst\u00e5ndelsen har Microsoft officiellt f\u00f6rnekat att Windows ska skrivas om med hj\u00e4lp av AI, rapporterar <a href=\"https:\/\/idg.digidip.net\/visit?url=https:\/\/www.windowslatest.com\/2025\/12\/24\/microsoft-denies-rewriting-windows-11-using-ai-after-an-employees-one-engineer-one-month-one-million-code-post-on-linkedin-causes-outrage\/&amp;currurl=https:\/\/www.pcforalla.se\/article\/3020345\/stor-forvirring-efter-microsoft-uttalande-om-ai-kod-i-windows.html&amp;ref=8-1-3020345-1-0-0-0-0\" data-type=\"link\" data-id=\"https:\/\/www.windowslatest.com\/2025\/12\/24\/microsoft-denies-rewriting-windows-11-using-ai-after-an-employees-one-engineer-one-month-one-million-code-post-on-linkedin-causes-outrage\/\" rel=\"nofollow noopener\" data-subtag=\"8-1-3020345-1-0-0-0-0\" data-domain-name=\"windowslatest\" target=\"_blank\">Windows Latest<\/a>.<\/p>\n<p>Microsofts vd Satya Nadella har emellertid vid flera tillf\u00e4llen bekr\u00e4ftat att uppemot 30 procent av den nuvarande koden i Windows 11 har genererats av AI. Dessutom n\u00e4mnde Microsofts teknikchef i april 2025 att 95 procent av koden skulle vara AI-genererad innan 2030.<\/p>\n<p>Med andra ord talar det mesta f\u00f6r att Galen Hunts ursprungliga inl\u00e4gg var korrekt och att det inte handlar om n\u00e5gon \u201dmissuppfattning\u201d.<\/p>\n","protected":false},"excerpt":{"rendered":"H\u00e4romdagen skrev Microsoft-ingenj\u00f6ren Galen Hunt ett uppm\u00e4rksammat inl\u00e4gg p\u00e5 Linkedin d\u00e4r han konstaterade att f\u00f6retaget ska anv\u00e4nda sig&hellip;\n","protected":false},"author":2,"featured_media":116531,"comment_status":"","ping_status":"","sticky":false,"template":"","format":"standard","meta":{"footnotes":""},"categories":[66],"tags":[80,78,79,34,31,33,32,30,81,84,83,82],"class_list":{"0":"post-116530","1":"post","2":"type-post","3":"status-publish","4":"format-standard","5":"has-post-thumbnail","7":"category-vetenskap-och-teknik","8":"tag-science","9":"tag-science-and-technology","10":"tag-scienceandtechnology","11":"tag-se","12":"tag-svenska","13":"tag-sverige","14":"tag-sweden","15":"tag-swedish","16":"tag-technology","17":"tag-teknik","18":"tag-vetenskap","19":"tag-vetenskapteknik"},"share_on_mastodon":{"url":"https:\/\/pubeurope.com\/@se\/115780182618816701","error":""},"_links":{"self":[{"href":"https:\/\/www.europesays.com\/se\/wp-json\/wp\/v2\/posts\/116530","targetHints":{"allow":["GET"]}}],"collection":[{"href":"https:\/\/www.europesays.com\/se\/wp-json\/wp\/v2\/posts"}],"about":[{"href":"https:\/\/www.europesays.com\/se\/wp-json\/wp\/v2\/types\/post"}],"author":[{"embeddable":true,"href":"https:\/\/www.europesays.com\/se\/wp-json\/wp\/v2\/users\/2"}],"replies":[{"embeddable":true,"href":"https:\/\/www.europesays.com\/se\/wp-json\/wp\/v2\/comments?post=116530"}],"version-history":[{"count":0,"href":"https:\/\/www.europesays.com\/se\/wp-json\/wp\/v2\/posts\/116530\/revisions"}],"wp:featuredmedia":[{"embeddable":true,"href":"https:\/\/www.europesays.com\/se\/wp-json\/wp\/v2\/media\/116531"}],"wp:attachment":[{"href":"https:\/\/www.europesays.com\/se\/wp-json\/wp\/v2\/media?parent=116530"}],"wp:term":[{"taxonomy":"category","embeddable":true,"href":"https:\/\/www.europesays.com\/se\/wp-json\/wp\/v2\/categories?post=116530"},{"taxonomy":"post_tag","embeddable":true,"href":"https:\/\/www.europesays.com\/se\/wp-json\/wp\/v2\/tags?post=116530"}],"curies":[{"name":"wp","href":"https:\/\/api.w.org\/{rel}","templated":true}]}}