{"id":116534,"date":"2025-12-25T12:23:09","date_gmt":"2025-12-25T12:23:09","guid":{"rendered":"https:\/\/www.europesays.com\/se\/116534\/"},"modified":"2025-12-25T12:23:09","modified_gmt":"2025-12-25T12:23:09","slug":"skogsbrander-rasar-i-australien-for-sent-att-fly","status":"publish","type":"post","link":"https:\/\/www.europesays.com\/se\/116534\/","title":{"rendered":"Skogsbr\u00e4nder rasar i Australien \u2013 f\u00f6r sent att fly"},"content":{"rendered":"<p><a data-test-tag=\"internal-link\" href=\"https:\/\/www.aftonbladet.se\/av\/albin-almqvist\" class=\"hyperion-css-13ns1rr\" rel=\"nofollow noopener\" target=\"\" aria-label=\"Se alla artiklar av Albin Almqvist\"><img decoding=\"async\" class=\"image-asset hyperion-css-n6kkq1\" data-test-tag=\"image-asset\" src=\"https:\/\/www.europesays.com\/se\/wp-content\/uploads\/2025\/12\/1766665389_171_a6ce5bb6-c605-4745-9ae0-580a508a5022\"  alt=\"\"  loading=\"lazy\" fetchpriority=\"auto\" style=\"aspect-ratio:1900 \/ 1900\"\/><\/a><\/p>\n<p class=\"boxtextgrotesk-root_baa6 hyperion-css-7pajle\">Uppdaterad 12.58 | Publicerad 12.54<\/p>\n<p>share-arrowDela<\/p>\n<p>unsaveSpara<\/p>\n<p>expand-left<\/p>\n<p>helsk\u00e4rm<img decoding=\"async\" class=\"image-asset hyperion-css-u06ts1\" data-test-tag=\"image-asset\" src=\"https:\/\/www.europesays.com\/se\/wp-content\/uploads\/2025\/12\/462dd329-77c8-4e60-9b36-73fc5903fb92\"  alt=\"Inv\u00e5narna kan inte fly, branden \u00e4r f\u00f6r n\u00e4ra.\"  loading=\"eager\" fetchpriority=\"high\" style=\"aspect-ratio:828 \/ 466\"\/>Inv\u00e5narna kan inte fly, branden \u00e4r f\u00f6r n\u00e4ra. Foto: Dfes<\/p>\n<p class=\"hyperion-css-1shl3oz\" data-test-tag=\"lead-text\">Rej\u00e4la br\u00e4nder rasar i v\u00e4stra Australien. <\/p>\n<p class=\"hyperion-css-1shl3oz\" data-test-tag=\"lead-text\">Men inv\u00e5narna kan inte fly undan l\u00e5gorna \u2013 i st\u00e4llet ska de s\u00f6ka skydd i hemmet.<\/p>\n<p class=\"hyperion-css-1shl3oz\" data-test-tag=\"lead-text\">\u201dDet \u00e4r f\u00f6r sent att l\u00e4mna\u201d, lyder varningen fr\u00e5n myndigheterna. <\/p>\n<p class=\"hyperion-css-1v9qo5x\">H\u00f6gsommaren har kommit till <a data-test-tag=\"internal-link\" href=\"https:\/\/www.aftonbladet.se\/tagg\/australien\" class=\"hyperion-css-15jkft9\" rel=\"nofollow noopener\" target=\"\" aria-label=\"Australien\">Australien<\/a>. Temperaturen kring miljonstaden Perth har tickat upp en bit \u00f6ver 40 grader de senaste dagarna och flera stora skogsbr\u00e4nder har brutit ut i omr\u00e5det.<\/p>\n<p class=\"hyperion-css-1v9qo5x\">L\u00e5gorna sprider sig fort, p\u00e5 grund av h\u00e5rda vindar, och under juldagen omfattade br\u00e4nderna 1 700 hektar, motsvarande 2 400 fotbollsplaner, rapporterar lokala medier.<\/p>\n<p class=\"hyperion-css-1v9qo5x\">Flera mindre st\u00e4der i omr\u00e5det st\u00e5r nu utan str\u00f6m. I st\u00e4derna Boddington och Williams var ett tusental hush\u00e5ll str\u00f6ml\u00f6sa under juldagen, rapporterar ABC News. <\/p>\n<p class=\"hyperion-css-1v9qo5x\">Nu p\u00e5g\u00e5r ett gediget evakueringsarbete. De lokala sjukhusen har t\u00f6mts p\u00e5 patienter, och \u00f6ver 300 gruvarbetare i en guldgruva i omr\u00e5det h\u00e5ller p\u00e5 att f\u00f6rbereda sig f\u00f6r att l\u00e4mna.<\/p>\n<p class=\"hyperion-css-1v9qo5x\">\u2013 Branden \u00e4r alldeles i n\u00e4rheten nu, s\u00e4ger en gruvarbetare till ABC News. <\/p>\n<p>\u201dF\u00f6r sent att l\u00e4mna\u201d<\/p>\n<p class=\"hyperion-css-1v9qo5x\">Samtidigt g\u00e5r de lokala myndigheterna ut med varningar till boende i omr\u00e5det. Den lokala nyhetssidan Perth Now skriver att den varning som skickades ut till boende under juldagen lyder:<\/p>\n<p class=\"hyperion-css-1v9qo5x\">\u201dDu \u00e4r i fara och m\u00e5ste agera omedelbart f\u00f6r att \u00f6verleva. Det finns ett direkt hot mot liv och egendom\u201d. <\/p>\n<p class=\"hyperion-css-1v9qo5x\">Men samtidigt understryker myndigheterna att det \u00e4r f\u00f6r sent f\u00f6r de som \u00e4r allra n\u00e4rmast br\u00e4nderna att evakuera. Att resa medan br\u00e4nderna rasar bed\u00f6ms som en fara f\u00f6r liv. I st\u00e4llet ombes inv\u00e5narna att hitta ett rum i sin bostad d\u00e4r det \u00e4r m\u00f6jligt att isolera sig i v\u00e4ntan p\u00e5 att br\u00e4nderna sl\u00e4ckts. <\/p>\n<p class=\"hyperion-css-1v9qo5x\">Rummet ska allra helst ha tillg\u00e5ng till rinnande vatten och en utv\u00e4g att evakuera via, om det beh\u00f6vs.<\/p>\n<p>chevron-leftf\u00f6reg\u00e5endechevron-rightn\u00e4staI en video fr\u00e5n de lokala myndigheterna syns br\u00e4nderna fr\u00e5n luften.<\/p>\n<p>1 \/ 4Foto: Dfes<\/p>\n","protected":false},"excerpt":{"rendered":"Uppdaterad 12.58 | Publicerad 12.54 share-arrowDela unsaveSpara expand-left helsk\u00e4rmInv\u00e5narna kan inte fly, branden \u00e4r f\u00f6r n\u00e4ra. Foto: Dfes&hellip;\n","protected":false},"author":2,"featured_media":116535,"comment_status":"","ping_status":"","sticky":false,"template":"","format":"standard","meta":{"footnotes":""},"categories":[14],"tags":[22,23,26,27,17,21,24,25,28,29,15,16,18,34,31,33,32,30,19,20,51,52,53,54],"class_list":{"0":"post-116534","1":"post","2":"type-post","3":"status-publish","4":"format-standard","5":"has-post-thumbnail","7":"category-varlden","8":"tag-breaking-news","9":"tag-breakingnews","10":"tag-featured-news","11":"tag-featurednews","12":"tag-headlines","13":"tag-huvudnyheter","14":"tag-latest-news","15":"tag-latestnews","16":"tag-main-news","17":"tag-mainnews","18":"tag-news","19":"tag-nyheter","20":"tag-rubriker","21":"tag-se","22":"tag-svenska","23":"tag-sverige","24":"tag-sweden","25":"tag-swedish","26":"tag-top-stories","27":"tag-topstories","28":"tag-varlden","29":"tag-world","30":"tag-world-news","31":"tag-worldnews"},"share_on_mastodon":{"url":"https:\/\/pubeurope.com\/@se\/115780190861446519","error":""},"_links":{"self":[{"href":"https:\/\/www.europesays.com\/se\/wp-json\/wp\/v2\/posts\/116534","targetHints":{"allow":["GET"]}}],"collection":[{"href":"https:\/\/www.europesays.com\/se\/wp-json\/wp\/v2\/posts"}],"about":[{"href":"https:\/\/www.europesays.com\/se\/wp-json\/wp\/v2\/types\/post"}],"author":[{"embeddable":true,"href":"https:\/\/www.europesays.com\/se\/wp-json\/wp\/v2\/users\/2"}],"replies":[{"embeddable":true,"href":"https:\/\/www.europesays.com\/se\/wp-json\/wp\/v2\/comments?post=116534"}],"version-history":[{"count":0,"href":"https:\/\/www.europesays.com\/se\/wp-json\/wp\/v2\/posts\/116534\/revisions"}],"wp:featuredmedia":[{"embeddable":true,"href":"https:\/\/www.europesays.com\/se\/wp-json\/wp\/v2\/media\/116535"}],"wp:attachment":[{"href":"https:\/\/www.europesays.com\/se\/wp-json\/wp\/v2\/media?parent=116534"}],"wp:term":[{"taxonomy":"category","embeddable":true,"href":"https:\/\/www.europesays.com\/se\/wp-json\/wp\/v2\/categories?post=116534"},{"taxonomy":"post_tag","embeddable":true,"href":"https:\/\/www.europesays.com\/se\/wp-json\/wp\/v2\/tags?post=116534"}],"curies":[{"name":"wp","href":"https:\/\/api.w.org\/{rel}","templated":true}]}}