{"id":116538,"date":"2025-12-25T12:26:28","date_gmt":"2025-12-25T12:26:28","guid":{"rendered":"https:\/\/www.europesays.com\/se\/116538\/"},"modified":"2025-12-25T12:26:28","modified_gmt":"2025-12-25T12:26:28","slug":"hur-manga-ar-egentligen-hemlosa-i-uppsala","status":"publish","type":"post","link":"https:\/\/www.europesays.com\/se\/116538\/","title":{"rendered":"Hur m\u00e5nga \u00e4r egentligen heml\u00f6sa i Uppsala?"},"content":{"rendered":"<p>Det blir allt fler heml\u00f6sa i Uppsala, det kan kommunen se eftersom efterfr\u00e5gan p\u00e5 deras st\u00f6d har \u00f6kat. Man vet inte exakt hur m\u00e5nga det handlar om, Uppsala har n\u00e4mligen inte gjort n\u00e5gon kartl\u00e4ggning p\u00e5 antalet heml\u00f6sa sedan 2022. Och Socialstyrelsens statistik framst\u00e4lls bara var sj\u00e4tte \u00e5r, senast 2023.Ett ganska sj\u00e4lvklart f\u00f6rsta steg f\u00f6r att effektivt kunna hj\u00e4lpa f<\/p>\n","protected":false},"excerpt":{"rendered":"Det blir allt fler heml\u00f6sa i Uppsala, det kan kommunen se eftersom efterfr\u00e5gan p\u00e5 deras st\u00f6d har \u00f6kat.&hellip;\n","protected":false},"author":2,"featured_media":116539,"comment_status":"","ping_status":"","sticky":false,"template":"","format":"standard","meta":{"footnotes":""},"categories":[5],"tags":[22,23,26,27,17,21,24,25,28,29,15,16,18,34,31,33,32,30,19,20],"class_list":{"0":"post-116538","1":"post","2":"type-post","3":"status-publish","4":"format-standard","5":"has-post-thumbnail","7":"category-rubriker","8":"tag-breaking-news","9":"tag-breakingnews","10":"tag-featured-news","11":"tag-featurednews","12":"tag-headlines","13":"tag-huvudnyheter","14":"tag-latest-news","15":"tag-latestnews","16":"tag-main-news","17":"tag-mainnews","18":"tag-news","19":"tag-nyheter","20":"tag-rubriker","21":"tag-se","22":"tag-svenska","23":"tag-sverige","24":"tag-sweden","25":"tag-swedish","26":"tag-top-stories","27":"tag-topstories"},"share_on_mastodon":{"url":"https:\/\/pubeurope.com\/@se\/115780202184812936","error":""},"_links":{"self":[{"href":"https:\/\/www.europesays.com\/se\/wp-json\/wp\/v2\/posts\/116538","targetHints":{"allow":["GET"]}}],"collection":[{"href":"https:\/\/www.europesays.com\/se\/wp-json\/wp\/v2\/posts"}],"about":[{"href":"https:\/\/www.europesays.com\/se\/wp-json\/wp\/v2\/types\/post"}],"author":[{"embeddable":true,"href":"https:\/\/www.europesays.com\/se\/wp-json\/wp\/v2\/users\/2"}],"replies":[{"embeddable":true,"href":"https:\/\/www.europesays.com\/se\/wp-json\/wp\/v2\/comments?post=116538"}],"version-history":[{"count":0,"href":"https:\/\/www.europesays.com\/se\/wp-json\/wp\/v2\/posts\/116538\/revisions"}],"wp:featuredmedia":[{"embeddable":true,"href":"https:\/\/www.europesays.com\/se\/wp-json\/wp\/v2\/media\/116539"}],"wp:attachment":[{"href":"https:\/\/www.europesays.com\/se\/wp-json\/wp\/v2\/media?parent=116538"}],"wp:term":[{"taxonomy":"category","embeddable":true,"href":"https:\/\/www.europesays.com\/se\/wp-json\/wp\/v2\/categories?post=116538"},{"taxonomy":"post_tag","embeddable":true,"href":"https:\/\/www.europesays.com\/se\/wp-json\/wp\/v2\/tags?post=116538"}],"curies":[{"name":"wp","href":"https:\/\/api.w.org\/{rel}","templated":true}]}}