{"id":116548,"date":"2025-12-25T12:37:08","date_gmt":"2025-12-25T12:37:08","guid":{"rendered":"https:\/\/www.europesays.com\/se\/116548\/"},"modified":"2025-12-25T12:37:08","modified_gmt":"2025-12-25T12:37:08","slug":"h-m-konungens-jultal-2025-kungahuset","status":"publish","type":"post","link":"https:\/\/www.europesays.com\/se\/116548\/","title":{"rendered":"H.M. Konungens jultal 2025 | Kungahuset"},"content":{"rendered":"<p class=\"normal\">Kungen h\u00f6ll sitt f\u00f6rsta jultal i radio 1972, d\u00e5 som kronprins. Kungens jultal har sedan 1973 varit en \u00e5terkommande tradition i Sveriges Radio. \u00c5r 2007 s\u00e4ndes talet f\u00f6r f\u00f6rsta g\u00e5ngen \u00e4ven i Sveriges Television.<\/p>\n<p class=\"normal\">Enligt Sveriges Radios arkivuppgifter h\u00f6lls det f\u00f6rsta jultalet till svenskar i utlandet 1933 av Arthur Engberg. 1938 h\u00f6ll prins Wilhelm tal till svenskar i utlandet p\u00e5 b\u00e5de svenska och engelska. Kung Gustaf VI Adolf h\u00f6ll sitt f\u00f6rsta jultal till svenskar i utlandet 1951 och d\u00e4refter 1957, 1964, 1966 och 1969. Prins Bertil h\u00f6ll talet till svenskar i utlandet 1955.<\/p>\n<p class=\"normal\"><a href=\"https:\/\/www.kungahuset.se\/arkiv.html?query=*%3A*&amp;100.3e70edcb175d7059a13aea1=3.3e70edcb175d7059a13aaef\" rel=\"nofollow noopener\" target=\"_blank\">L\u00e4s Kungens tidigare jultal<\/a><\/p>\n","protected":false},"excerpt":{"rendered":"Kungen h\u00f6ll sitt f\u00f6rsta jultal i radio 1972, d\u00e5 som kronprins. Kungens jultal har sedan 1973 varit en&hellip;\n","protected":false},"author":2,"featured_media":116549,"comment_status":"","ping_status":"","sticky":false,"template":"","format":"standard","meta":{"footnotes":""},"categories":[5],"tags":[22,23,26,27,17,21,24,25,28,29,15,16,18,34,31,33,32,30,19,20],"class_list":{"0":"post-116548","1":"post","2":"type-post","3":"status-publish","4":"format-standard","5":"has-post-thumbnail","7":"category-rubriker","8":"tag-breaking-news","9":"tag-breakingnews","10":"tag-featured-news","11":"tag-featurednews","12":"tag-headlines","13":"tag-huvudnyheter","14":"tag-latest-news","15":"tag-latestnews","16":"tag-main-news","17":"tag-mainnews","18":"tag-news","19":"tag-nyheter","20":"tag-rubriker","21":"tag-se","22":"tag-svenska","23":"tag-sverige","24":"tag-sweden","25":"tag-swedish","26":"tag-top-stories","27":"tag-topstories"},"share_on_mastodon":{"url":"https:\/\/pubeurope.com\/@se\/115780245400202666","error":""},"_links":{"self":[{"href":"https:\/\/www.europesays.com\/se\/wp-json\/wp\/v2\/posts\/116548","targetHints":{"allow":["GET"]}}],"collection":[{"href":"https:\/\/www.europesays.com\/se\/wp-json\/wp\/v2\/posts"}],"about":[{"href":"https:\/\/www.europesays.com\/se\/wp-json\/wp\/v2\/types\/post"}],"author":[{"embeddable":true,"href":"https:\/\/www.europesays.com\/se\/wp-json\/wp\/v2\/users\/2"}],"replies":[{"embeddable":true,"href":"https:\/\/www.europesays.com\/se\/wp-json\/wp\/v2\/comments?post=116548"}],"version-history":[{"count":0,"href":"https:\/\/www.europesays.com\/se\/wp-json\/wp\/v2\/posts\/116548\/revisions"}],"wp:featuredmedia":[{"embeddable":true,"href":"https:\/\/www.europesays.com\/se\/wp-json\/wp\/v2\/media\/116549"}],"wp:attachment":[{"href":"https:\/\/www.europesays.com\/se\/wp-json\/wp\/v2\/media?parent=116548"}],"wp:term":[{"taxonomy":"category","embeddable":true,"href":"https:\/\/www.europesays.com\/se\/wp-json\/wp\/v2\/categories?post=116548"},{"taxonomy":"post_tag","embeddable":true,"href":"https:\/\/www.europesays.com\/se\/wp-json\/wp\/v2\/tags?post=116548"}],"curies":[{"name":"wp","href":"https:\/\/api.w.org\/{rel}","templated":true}]}}