{"id":116560,"date":"2025-12-25T13:05:08","date_gmt":"2025-12-25T13:05:08","guid":{"rendered":"https:\/\/www.europesays.com\/se\/116560\/"},"modified":"2025-12-25T13:05:08","modified_gmt":"2025-12-25T13:05:08","slug":"putins-desperata-drag-migrantertvingas-till-fronten","status":"publish","type":"post","link":"https:\/\/www.europesays.com\/se\/116560\/","title":{"rendered":"Putins desperata drag \u2013 migranter\ntvingas till fronten"},"content":{"rendered":"<p>Publicerad 25 dec 2025 kl 13.11Uppdaterad kl 13.56<\/p>\n<p>Ryssland inf\u00f6r milit\u00e4rtj\u00e4nstg\u00f6ring f\u00f6r migranter.\u00a0<\/p>\n<p>\u2013 Det \u00e4r de som inte g\u00f6r motst\u00e5nd, de som saknar m\u00f6jlighet att f\u00f6rsvara sina r\u00e4ttigheter, som mobiliseras f\u00f6rst, s\u00e4ger forskaren Temur Umarov till tv-kanalen <a href=\"https:\/\/www.currenttime.tv\/a\/systema-migranty-voina\/33620933.html\" rel=\"nofollow noopener\" target=\"_blank\">Current Time.<\/a>\u00a0<\/p>\n<p><img   alt=\"\"\/><\/p>\n<p>Vladimir Putin har inf\u00f6rt nya regler f\u00f6r migranter f\u00f6r att f\u00e5 fram fler soldater till arm\u00e9n.<\/p>\n<p>Foto: ALEXANDER KAZAKOV \/ AP TT NYHETSBYR\u00c5N<\/p>\n<p>\u00d6ppna bild i helsk\u00e4rm<img loading=\"lazy\"   alt=\"\"\/> <\/p>\n<p>Foto: SIPA\/TASS\/IBL<\/p>\n<p>\u00d6ppna bild i helsk\u00e4rm<\/p>\n<p>Den ryska arm\u00e9n lider brist p\u00e5 soldater till kriget i Ukraina. L\u00f6sningen verkar stavas piska, inte morot.\u00a0<\/p>\n<p>Artikeln i korthet<\/p>\n<p> Den som ans\u00f6ker om uppeh\u00e5llstillst\u00e5nd eller medborgarskap i Ryssland m\u00e5ste g\u00f6ra obligatorisk milit\u00e4rtj\u00e4nstg\u00f6ring i minst ett \u00e5r.<\/p>\n<p> Det framg\u00e5r av ett nytt dekret fr\u00e5n president Vladimir Putin. \u00a0<\/p>\n<p> Ryska myndigheter griper systematiskt \u201dnya medborgare\u201d och tvingar dem att ta v\u00e4rvning.\u00a0<\/p>\n<p>Visa mer<\/p>\n<p><a href=\"https:\/\/www.expressen.se\/nyheter\/varlden\/nordkoreaner-amputerar-sig-sjalva-for-att-slippa-strida-i-ukraina\/\" rel=\"nofollow noopener\" target=\"_blank\">Att Ryssland v\u00e4rvat medborgargare fr\u00e5n m\u00e5nga andra l\u00e4nder, exempelvis Nordkorea, till arm\u00e9n \u00e4r v\u00e4lk\u00e4nt.<\/a>\u00a0<\/p>\n<p>Nu \u00e4r det migranter som Vladimir Putin f\u00f6rs\u00f6ker komma \u00e5t. Den som ans\u00f6ker uppeh\u00e5llstillst\u00e5nd eller medborgarskap i Ryssland m\u00e5ste numera f\u00f6rst g\u00f6ra milit\u00e4rtj\u00e4nst i minst ett \u00e5r. Detta enligt ett nytt dekret fr\u00e5n presidenten, skriver <a href=\"https:\/\/yle.fi\/a\/7-10090424\" rel=\"nofollow noopener\" target=\"_blank\">Svenska Yle.<\/a> Man ska inte ens kunna ans\u00f6ka om uppeh\u00e5llstillst\u00e5nd eller medborgarskap f\u00f6rr\u00e4n den obligatoriska milit\u00e4rtj\u00e4nstg\u00f6ringen \u00e4r avklarad.\u00a0<\/p>\n<p>Enligt Svenska Yle finns dock undantag f\u00f6r studenter och vissa h\u00f6gutbildade, samt f\u00f6r m\u00e4nniskor som kan styrka att de av h\u00e4lsosk\u00e4l inte kan delta. Det ska \u00e4ven finnas undantag f\u00f6r medborgare fr\u00e5n Belarus, Kazakstan, Ukraina och Moldavien.<\/p>\n<p><img loading=\"lazy\"   alt=\"\"\/><\/p>\n<p>Mellan 100 000 och 250 000 ryska soldater kan ha d\u00f6tt i kriget.<\/p>\n<p>Foto: Daniel Van Moll \/ SHUTTERSTOCK EDITORIAL\/REX\/IBL<\/p>\n<p>\u00d6ppna bild i helsk\u00e4rm\u201dHar gripit 80 000\u201d<\/p>\n<p>Sedan krigsstarten 2022 har migranter i Ryssland utsatts hot och p\u00e5tryckningar om att ta v\u00e4rvning. I maj uppgav Alexander Bastrykin, som \u00e4r chef f\u00f6r den statliga brottsutredande myndigheten SKR, att 20 000 personer fr\u00e5n Centralasien \u2013 som nyligen f\u00e5tt ryskt medborgarskap \u2013 skickats till fronten. Enligt <a href=\"https:\/\/www.dw.com\/ru\/protiv-ukrainy-vouut-20-tysac-naturalizovannyh-rossian\/a-72615763\" rel=\"nofollow noopener\" target=\"_blank\">tyska Deutsche Welle<\/a> sa han:\u00a0<\/p>\n<p>\u2013 V\u00e5r milit\u00e4ra utredningsavdelning genomf\u00f6r r\u00e4der. Vi har redan gripit 80 000 s\u00e5dana ryska medborgare, som inte ens vill g\u00e5 till milit\u00e4rens inskrivnings- och v\u00e4rvningskontor, \u00e4n mindre till fronten. \u00a0<\/p>\n<p>\u2013 Vi har gripit 80 000 av dem, registrerat dem f\u00f6r milit\u00e4rtj\u00e4nst, och nu befinner sig 20 000 \u201dunga ryska medborgare\u201d, som av n\u00e5gon anledning inte tycker om att leva i Uzbekistan, Tadzjikistan eller Kirgizistan, vid fronten.\u00a0<\/p>\n<p><img loading=\"lazy\"   alt=\"\"\/><\/p>\n<p>Mycket talar f\u00f6r att Vladimir Putin f\u00f6rbereder f\u00f6r en l\u00e5ngvarig konflikt med Nato. D\u00e5 beh\u00f6vs m\u00e5nga fler soldater.<\/p>\n<p>Foto: AP \/ TT NYHETSBYR\u00c5N<\/p>\n<p>\u00d6ppna bild i helsk\u00e4rmForskaren: Skifte i migrationspolitiken<\/p>\n<p>Temur Umarov, forskare vid Carnegie Center i Berlin, s\u00e4ger till den ryskspr\u00e5kiga <a href=\"https:\/\/www.currenttime.tv\/a\/systema-migranty-voina\/33620933.html\" rel=\"nofollow noopener\" target=\"_blank\">tv-kanalen Current Time<\/a>, att Kreml t\u00e4nkt om kring migrationspolitiken.\u00a0<\/p>\n<p>\u2013 Fram till 2022 ans\u00e5gs den demografiska fr\u00e5gan vara den viktigaste, och den kunde bland annat l\u00f6sas genom att locka migranter.\u00a0<\/p>\n<p>\u2013 Men 2022 skedde ett grundl\u00e4ggande skifte: demografin gl\u00f6mdes bort och en viss \u201dryskhet\u201d lyftes fram. Tidigare var det den ekonomiska maktgruppen som dominerade och argumenterade f\u00f6r att nya medborgare beh\u00f6vdes f\u00f6r ekonomisk tillv\u00e4xt. Nu \u00e4r det s\u00e4kerhetsstyrkorna som styr och anv\u00e4nder alla till buds st\u00e5ende medel f\u00f6r att locka migranter till kriget.\u00a0<\/p>\n<p>\u201dDe som inte g\u00f6r motst\u00e5nd\u201d<\/p>\n<p><a href=\"https:\/\/www.expressen.se\/tagg\/person\/vladimir-putin\/\" class=\"\" rel=\"nofollow noopener\" target=\"_blank\">Vladimir Putin<\/a> sa nyligen att Ryssland kommer att forts\u00e4tta kriga i Ukraina tills man har n\u00e5tt sina m\u00e5l. Mycket talar f\u00f6r att presidenten f\u00f6rbereder landet f\u00f6r en l\u00e5ngvarig konflikt med Nato. D\u00e5 beh\u00f6vs fler soldater till k\u00f6ttkvarnen.\u00a0<\/p>\n<p>\u2013 I slut\u00e4ndan \u00e4r det de som inte g\u00f6r motst\u00e5nd, de som saknar m\u00f6jlighet att f\u00f6rsvara sina r\u00e4ttigheter, som mobiliseras f\u00f6rst, s\u00e4ger Temur Umarov till Current Time. \u00a0<\/p>\n<p><strong>L\u00c4S MER: <\/strong><a href=\"https:\/\/www.expressen.se\/nyheter\/varlden\/putins-varning-for-17-ar-sen-langvarig-konflikt\/\" class=\"\" rel=\"nofollow noopener\" target=\"_blank\">Putins varning \u2013 f\u00f6r 17 \u00e5r sen: \u201dL\u00e5ngvarig konflikt\u201d<\/a><strong>L\u00c4S MER: <\/strong><a href=\"https:\/\/www.expressen.se\/nyheter\/sverige\/flygvapnets-chef-om-gripens-nya-vapen-ett-stort-steg-for-oss\/\" class=\"\" rel=\"nofollow noopener\" target=\"_blank\">Flygvapnets chef om Gripens nya vapen: \u201dEtt stort steg f\u00f6r oss\u201d<\/a><strong>L\u00c4S MER: <\/strong><a href=\"https:\/\/www.expressen.se\/nyheter\/varlden\/putins-small-sallsynta-planet-sondersprangt\/\" class=\"\" rel=\"nofollow noopener\" target=\"_blank\">Putins sm\u00e4ll: S\u00e4llsynta planet s\u00f6nderspr\u00e4ngt<\/a><\/p>\n","protected":false},"excerpt":{"rendered":"Publicerad 25 dec 2025 kl 13.11Uppdaterad kl 13.56 Ryssland inf\u00f6r milit\u00e4rtj\u00e4nstg\u00f6ring f\u00f6r migranter.\u00a0 \u2013 Det \u00e4r de som&hellip;\n","protected":false},"author":2,"featured_media":116561,"comment_status":"","ping_status":"","sticky":false,"template":"","format":"standard","meta":{"footnotes":""},"categories":[14],"tags":[22,23,26,27,17,21,24,25,274,202,28,29,15,16,1401,203,18,34,55,31,33,32,30,19,60,20,51,52,53,54],"class_list":{"0":"post-116560","1":"post","2":"type-post","3":"status-publish","4":"format-standard","5":"has-post-thumbnail","7":"category-varlden","8":"tag-breaking-news","9":"tag-breakingnews","10":"tag-featured-news","11":"tag-featurednews","12":"tag-headlines","13":"tag-huvudnyheter","14":"tag-latest-news","15":"tag-latestnews","16":"tag-location-ryssland","17":"tag-location-ukraina","18":"tag-main-news","19":"tag-mainnews","20":"tag-news","21":"tag-nyheter","22":"tag-organization-nato","23":"tag-person-vladimir-putin","24":"tag-rubriker","25":"tag-se","26":"tag-sections-varlden","27":"tag-svenska","28":"tag-sverige","29":"tag-sweden","30":"tag-swedish","31":"tag-top-stories","32":"tag-topic-krig-konflikt","33":"tag-topstories","34":"tag-varlden","35":"tag-world","36":"tag-world-news","37":"tag-worldnews"},"share_on_mastodon":{"url":"https:\/\/pubeurope.com\/@se\/115780355646993127","error":""},"_links":{"self":[{"href":"https:\/\/www.europesays.com\/se\/wp-json\/wp\/v2\/posts\/116560","targetHints":{"allow":["GET"]}}],"collection":[{"href":"https:\/\/www.europesays.com\/se\/wp-json\/wp\/v2\/posts"}],"about":[{"href":"https:\/\/www.europesays.com\/se\/wp-json\/wp\/v2\/types\/post"}],"author":[{"embeddable":true,"href":"https:\/\/www.europesays.com\/se\/wp-json\/wp\/v2\/users\/2"}],"replies":[{"embeddable":true,"href":"https:\/\/www.europesays.com\/se\/wp-json\/wp\/v2\/comments?post=116560"}],"version-history":[{"count":0,"href":"https:\/\/www.europesays.com\/se\/wp-json\/wp\/v2\/posts\/116560\/revisions"}],"wp:featuredmedia":[{"embeddable":true,"href":"https:\/\/www.europesays.com\/se\/wp-json\/wp\/v2\/media\/116561"}],"wp:attachment":[{"href":"https:\/\/www.europesays.com\/se\/wp-json\/wp\/v2\/media?parent=116560"}],"wp:term":[{"taxonomy":"category","embeddable":true,"href":"https:\/\/www.europesays.com\/se\/wp-json\/wp\/v2\/categories?post=116560"},{"taxonomy":"post_tag","embeddable":true,"href":"https:\/\/www.europesays.com\/se\/wp-json\/wp\/v2\/tags?post=116560"}],"curies":[{"name":"wp","href":"https:\/\/api.w.org\/{rel}","templated":true}]}}