{"id":116564,"date":"2025-12-25T13:12:20","date_gmt":"2025-12-25T13:12:20","guid":{"rendered":"https:\/\/www.europesays.com\/se\/116564\/"},"modified":"2025-12-25T13:12:20","modified_gmt":"2025-12-25T13:12:20","slug":"juldagen-stora-sladdrensardagen-cornucopia","status":"publish","type":"post","link":"https:\/\/www.europesays.com\/se\/116564\/","title":{"rendered":"Juldagen = Stora Sladdrensardagen \u2013 Cornucopia?"},"content":{"rendered":"<p>\t\t\t234<\/p>\n<p>Idag \u00e4r det juldagen, och d\u00e4rmed \u00e4r det dags f\u00f6r Stora Sladdrensardagen. Med allt mer enhetlighet till USB-C beh\u00f6vs det snart bara tre sorters kablar \u2013 USB-C, HDMI och ethernet \u2013 och \u00e4ven om jag tidigare varit hyfsad p\u00e5 att rensa ut var det nu dags att g\u00e5 igenom sex l\u00e5dor med gamla grejer och rensa.<\/p>\n<p><img loading=\"lazy\" decoding=\"async\" width=\"2048\" height=\"1536\" src=\"https:\/\/www.europesays.com\/se\/wp-content\/uploads\/2025\/12\/teknik_sladdar-2048x1536.jpeg\" alt=\"\" class=\"wp-image-166927\"  \/>Hejd\u00e5<\/p>\n<p>Fotot visar det som jag hyfsat fortfarande vet vad det \u00e4r, inklusive udda saker som Apples gamla Firewire, eller Thunderbolt innan dessa gick \u00f6ver till USB-C. \u00c4Ven en del gammal utrustning som samlat skr\u00e4p finns, inklusive en gammal Apple TV, en Apple Airport Express, gamla mobiltelefoner, en EdgeRouter som blev f\u00f6r klen n\u00e4r vi fick en gigabit fiber d\u00e5 den bara klarar 512 Mbit\/s, massa VGA-adaprtrar f\u00f6r Thunderbolt fr\u00e5n den tiden jag inte hade rutin att alltid ha displayadapter packad i ryggan inf\u00f6r f\u00f6rel\u00e4sningar utan packade varje g\u00e5ng och allts\u00e5 gl\u00f6mde och beh\u00f6vde k\u00f6pa ny, gamla sladdar till iPhones Lightning-uttag som inte anv\u00e4nds l\u00e4ngre eftersom nya iPhone har USB-C, en enorm h\u00f6g av gamla Apple-eln\u00e4tsladdar, gammal tr\u00e5dl\u00f6s mus fr\u00e5n s\u00e4kert innan 2010, en faktisk Thunderbolt 3 USB-C docka som inte anv\u00e4nds l\u00e4ngre eftersom den \u00e4r inbyggd i den externa bildsk\u00e4rmen numera, VGA-kablar, DisplayPort-kablar, qi-laddare, en gammal Apple Watch, en Unificontroller osv.<\/p>\n<p><img loading=\"lazy\" decoding=\"async\" width=\"2048\" height=\"1536\" src=\"https:\/\/www.europesays.com\/se\/wp-content\/uploads\/2025\/12\/teknik_sladdar_skrap-2048x1536.jpeg\" alt=\"\" class=\"wp-image-166929\"  \/>Rent skr\u00e4p inklusive saker jag inte ens l\u00e4ngre vet vad de passar till, samt en del \u00f6verskott<\/p>\n<p>Det blir milj\u00f6\u00e5tervinning av detta nu. Kvar har jag i princip bara en skrivbordsl\u00e5da med saker som faktiskt anv\u00e4nds. Ibland. Allt behov av extrakablar f\u00f6rvaras permanent i min ryggs\u00e4ck, det kr\u00e4vs inte mer \u00e4n s\u00e5 och att enhetligt g\u00e5 mot enbart USB-C \u00e4r en v\u00e4lsignelse \u00e4ven om en del prylar fortfarande kr\u00e4ver gammal USB. I princip har jag tv\u00e5 upps\u00e4ttningar sladdar \u2013 de som beh\u00f6vs hemma, och en upps\u00e4ttning motsvarande i ryggs\u00e4cken. <\/p>\n<p><img loading=\"lazy\" decoding=\"async\" width=\"2048\" height=\"1536\" src=\"https:\/\/www.europesays.com\/se\/wp-content\/uploads\/2025\/12\/teknik_usbc-2048x1536.jpeg\" alt=\"\" class=\"wp-image-166939\"  \/>Det som totalt beh\u00f6vs \u2013 en n\u00e4tadapter, USB-C till datorn, till paddan, till mobiltelefonen och en Apple Watchladdare. D\u00e4rtill finns det en gammal sladd USB-A att ta till f\u00f6r t ex \u00e4ldre powerbanks som beh\u00f6ver det eller \u00e4ldre externa minneenheter, en USB-A till systemkrameran och en adapter f\u00f6r USB-C till USB-A. Och en HDMI-kabel vid behov, t ex f\u00f6r att koppla datorn till ett hotellrums teve och anv\u00e4nda som andrask\u00e4rm f\u00f6r arbete. Det \u00e4r allt. Till\u00e4gg: Har \u00e4ven en USB-A till USB-C i ryggs\u00e4cken, vilket kan beh\u00f6vas p\u00e5 flyg och liknande eller f\u00f6r gamla powerbanks. F\u00e5r ofta l\u00e5na ut den.<\/p>\n<p>Det \u00e4r v\u00e4l \u00e4ven dags f\u00f6r milj\u00f6\u00e5tervinning av tv\u00e5 gamla MacMini, eller iaf den ena av dem, medan den andra kanske fortfarande betingar ett v\u00e4rde d\u00e5 den tillh\u00f6r en generation med USB-C och nog har SSD-diskar, men \u00e4r nog Intelbaserad om jag minns r\u00e4tt. Tv\u00e5 Unifibasstationer AP AC Pro. En ethernetadapter f\u00f6r Starlink, och tre gamla Macbooks \u2013 den \u00e4ldsta vita \u00e4r nog typ 23 \u00e5r gammal och k\u00f6ptes 2003. Batterierna p\u00e5 b\u00e4gge har sv\u00e4llt och plockats ut om n\u00e5gon undrar.<\/p>\n<p><img loading=\"lazy\" decoding=\"async\" width=\"2048\" height=\"1536\" src=\"https:\/\/www.europesays.com\/se\/wp-content\/uploads\/2025\/12\/teknik_datorer_unifi_macmini_macbook-2048x1536.jpeg\" alt=\"\" class=\"wp-image-166928\"  \/>Lite tyngre grejer som ska bort<\/p>\n<p>F\u00f6rmodligen beh\u00e5ller jag MacMinin och Unifibaserna till n\u00e4sta utrensning. Kanske USB-C hubben ocks\u00e5. Och kanske Apple Watch, men vem vill ha en snart sex \u00e5r gammal dito fr\u00e5n 2020? Eller s\u00e5 blir det Blocket, men tiden att administrera f\u00f6rs\u00e4ljningar av prylar finns s\u00e4llan eller aldrig och sedan \u00e4r det ocks\u00e5 fr\u00e5gan att s\u00e4kerst\u00e4lla att de \u00e4r bl\u00e5sta och \u00f6verskrivna s\u00e5 det inte g\u00e5r att f\u00e5 fram gamla l\u00f6senord eller annan k\u00e4nslig information. Har en massa wifih\u00f6gtalare att avyttra ocks\u00e5 n\u00e5gon g\u00e5ng det finns tid. Och ouppackade Tesla Wallconnectors.<\/p>\n<p>Men \u00e4rligt talat \u2013 om n\u00e5got legat oanv\u00e4nt i flera \u00e5r s\u00e5 \u00e4r sannolikheten att de kommer anv\u00e4ndas n\u00e4ra noll och milj\u00f6\u00e5tervinning \u00e4r det b\u00e4sta bruket. Nu har \u00c5VC st\u00e4ngt idag (tror jag), men sedan blir det dags i mellandagarna.<\/p>\n<p>De riktigt stora rensningarna av sladdar skedde f\u00f6r n\u00e5gra \u00e5r sedan n\u00e4r jag rensade ut tre stora l\u00e5dor med typ 15 kg kablar som legat i ladan i typ 15 \u00e5r sedan flytten och inte anv\u00e4nts. Denna v\u00e4ndan landar p\u00e5 tv\u00e5 Ica-pappersp\u00e5sar inklusive de gamla b\u00e4rbara datorerna.<\/p>\n<p>Och ja, saker som fortfarande \u00e4r anv\u00e4ndbara har skickats till Ukraina, som hyfsat moderna mobiltelefoner, paddor med mera, d\u00e4r t ex en Android som jag fick gratis av Telia f\u00f6r att forts\u00e4tta vara kund hamnat som stridsledningssystemtelefon hos n\u00e5gon skyttegrupp som kopplar upp sig mot Delta och dr\u00f6narfeeds mm med den. F\u00f6rmodligen via Starlink.<\/p>\n<p>\nNedanst\u00e5ende \u00e4r inneh\u00e5ll fr\u00e5n bloggens samarbetspartner Compricer<\/p>\n","protected":false},"excerpt":{"rendered":"234 Idag \u00e4r det juldagen, och d\u00e4rmed \u00e4r det dags f\u00f6r Stora Sladdrensardagen. Med allt mer enhetlighet till&hellip;\n","protected":false},"author":2,"featured_media":116565,"comment_status":"","ping_status":"","sticky":false,"template":"","format":"standard","meta":{"footnotes":""},"categories":[65],"tags":[72,70,71,34,31,33,32,30],"class_list":{"0":"post-116564","1":"post","2":"type-post","3":"status-publish","4":"format-standard","5":"has-post-thumbnail","7":"category-ekonomi","8":"tag-business","9":"tag-economy","10":"tag-ekonomi","11":"tag-se","12":"tag-svenska","13":"tag-sverige","14":"tag-sweden","15":"tag-swedish"},"share_on_mastodon":{"url":"https:\/\/pubeurope.com\/@se\/115780383662526585","error":""},"_links":{"self":[{"href":"https:\/\/www.europesays.com\/se\/wp-json\/wp\/v2\/posts\/116564","targetHints":{"allow":["GET"]}}],"collection":[{"href":"https:\/\/www.europesays.com\/se\/wp-json\/wp\/v2\/posts"}],"about":[{"href":"https:\/\/www.europesays.com\/se\/wp-json\/wp\/v2\/types\/post"}],"author":[{"embeddable":true,"href":"https:\/\/www.europesays.com\/se\/wp-json\/wp\/v2\/users\/2"}],"replies":[{"embeddable":true,"href":"https:\/\/www.europesays.com\/se\/wp-json\/wp\/v2\/comments?post=116564"}],"version-history":[{"count":0,"href":"https:\/\/www.europesays.com\/se\/wp-json\/wp\/v2\/posts\/116564\/revisions"}],"wp:featuredmedia":[{"embeddable":true,"href":"https:\/\/www.europesays.com\/se\/wp-json\/wp\/v2\/media\/116565"}],"wp:attachment":[{"href":"https:\/\/www.europesays.com\/se\/wp-json\/wp\/v2\/media?parent=116564"}],"wp:term":[{"taxonomy":"category","embeddable":true,"href":"https:\/\/www.europesays.com\/se\/wp-json\/wp\/v2\/categories?post=116564"},{"taxonomy":"post_tag","embeddable":true,"href":"https:\/\/www.europesays.com\/se\/wp-json\/wp\/v2\/tags?post=116564"}],"curies":[{"name":"wp","href":"https:\/\/api.w.org\/{rel}","templated":true}]}}