{"id":116566,"date":"2025-12-25T13:13:38","date_gmt":"2025-12-25T13:13:38","guid":{"rendered":"https:\/\/www.europesays.com\/se\/116566\/"},"modified":"2025-12-25T13:13:38","modified_gmt":"2025-12-25T13:13:38","slug":"nye-paven-pratade-om-gaza-och-ukraina-i-sitt-forsta-jultal-hufvudstadsbladet","status":"publish","type":"post","link":"https:\/\/www.europesays.com\/se\/116566\/","title":{"rendered":"Nye p\u00e5ven pratade om Gaza och Ukraina i sitt f\u00f6rsta jultal &#8211; Hufvudstadsbladet"},"content":{"rendered":"<ol>\n<li><a href=\"https:\/\/news.google.com\/rss\/articles\/CBMilwFBVV95cUxPQlZxenc2bVZ2MGpJbngyck81VkNmV0NWT0U3OUdlbDRhbU9BU1dvSlZFWTJEcVZ1azl2X00tc2c5UlpXeXF3SzNsaTlCSkotaWxKdVA4Yl9oNUpYN25VTEROS3Z1WEI2WVVrQWdtQnRvRHJBYmVVYVUxZlFuS1k0TnZUaDc4X2xyTU9wZ0tKZWxfOXRzMUVv?oc=5\" target=\"_blank\" rel=\"nofollow noopener\">Nye p\u00e5ven pratade om Gaza och Ukraina i sitt f\u00f6rsta jultal<\/a>&nbsp;&nbsp;Hufvudstadsbladet<\/li>\n<li><a href=\"https:\/\/news.google.com\/rss\/articles\/CBMigAFBVV95cUxOcXlURU9JNE1oU0RKVEpJZ1FuWFg4OVctTEZYVXF6UDhLVVdILVJHY25Za043dEI4UkppSUhNdTN6anROZWlPNmNsTTZGWi1wLTNGYTFvdEkzRjNZWGZjaWYxMjFjbU1xeGVucmlTdzk4UDRKSXBmSHB1b2J1QWdGNA?oc=5\" target=\"_blank\" rel=\"nofollow noopener\">&#8221;Krigets vansinne\u201d i p\u00e5vens fokus<\/a>&nbsp;&nbsp;Aftonbladet<\/li>\n<li><a href=\"https:\/\/news.google.com\/rss\/articles\/CBMijwFBVV95cUxOaFo2UG43aXg0QVYzZ0MyRF9DbmZkMTZscWJtZ0FhUFZQeW4tczI1RUVXOVFKLVE0QU9ubWJKUVUzVFpjalpvdTFQdnBMSVR0ellHTXFIRHE0TkhmWVFXV2RxZ3FJTGhmNTJoTWt6Z3pvQU1YZzVHa2gwaFN0RU9VRURhblVRQVUxUFVzSl9xQQ?oc=5\" target=\"_blank\" rel=\"nofollow noopener\">P\u00e5ve Leo talade om fattigdom under julm\u00e4ssan<\/a>&nbsp;&nbsp;Sveriges Radio<\/li>\n<li><a href=\"https:\/\/news.google.com\/rss\/articles\/CBMickFVX3lxTE1XZVFUVkw0RGxCcXhTZUx6cGtNVjNCVjYwT2ZKYjdwdFhtTEIybUVTVWtMSkNyZ0VoYzRxd3ZPeE8xR0w2TFQwUVdBVUt4UUFqeVZYejBFNEx0MVBIUkE1cnplM25HdVo3azNpU2plWTJtUQ?oc=5\" target=\"_blank\" rel=\"nofollow noopener\">P\u00e5ve Leo v\u00e4djar om globalt eldupph\u00f6r<\/a>&nbsp;&nbsp;SvD<\/li>\n<li><a href=\"https:\/\/news.google.com\/rss\/articles\/CBMiiAFBVV95cUxONHZPTUt2QlJTT3ZoaVkzRkhuMmRnN0pES0F0SlBJdGQ5WkgxT00tNFBjYWV4TUd1Tnh4aTRQVk1JeUNmVVlhZW1jVU43VnUxM0g5OHgwaGhJTV9Vbk91YjFyWTdiOUJKN1hYYWtuc2liamlzVzAtVndRZGM5dm93WnBIUEV5dldF?oc=5\" target=\"_blank\" rel=\"nofollow noopener\">P\u00e5ven i julpredikan: Att avvisa fattiga \u00e4r att avvisa Gud<\/a>&nbsp;&nbsp;Omni<\/li>\n<\/ol>\n","protected":false},"excerpt":{"rendered":"Nye p\u00e5ven pratade om Gaza och Ukraina i sitt f\u00f6rsta jultal&nbsp;&nbsp;Hufvudstadsbladet &#8221;Krigets vansinne\u201d i p\u00e5vens fokus&nbsp;&nbsp;Aftonbladet P\u00e5ve Leo&hellip;\n","protected":false},"author":2,"featured_media":116567,"comment_status":"","ping_status":"","sticky":false,"template":"","format":"standard","meta":{"footnotes":""},"categories":[14],"tags":[22,23,26,27,17,21,24,25,28,29,15,16,18,34,31,33,32,30,19,20,51,52,53,54],"class_list":{"0":"post-116566","1":"post","2":"type-post","3":"status-publish","4":"format-standard","5":"has-post-thumbnail","7":"category-varlden","8":"tag-breaking-news","9":"tag-breakingnews","10":"tag-featured-news","11":"tag-featurednews","12":"tag-headlines","13":"tag-huvudnyheter","14":"tag-latest-news","15":"tag-latestnews","16":"tag-main-news","17":"tag-mainnews","18":"tag-news","19":"tag-nyheter","20":"tag-rubriker","21":"tag-se","22":"tag-svenska","23":"tag-sverige","24":"tag-sweden","25":"tag-swedish","26":"tag-top-stories","27":"tag-topstories","28":"tag-varlden","29":"tag-world","30":"tag-world-news","31":"tag-worldnews"},"share_on_mastodon":{"url":"https:\/\/pubeurope.com\/@se\/115780387099239550","error":""},"_links":{"self":[{"href":"https:\/\/www.europesays.com\/se\/wp-json\/wp\/v2\/posts\/116566","targetHints":{"allow":["GET"]}}],"collection":[{"href":"https:\/\/www.europesays.com\/se\/wp-json\/wp\/v2\/posts"}],"about":[{"href":"https:\/\/www.europesays.com\/se\/wp-json\/wp\/v2\/types\/post"}],"author":[{"embeddable":true,"href":"https:\/\/www.europesays.com\/se\/wp-json\/wp\/v2\/users\/2"}],"replies":[{"embeddable":true,"href":"https:\/\/www.europesays.com\/se\/wp-json\/wp\/v2\/comments?post=116566"}],"version-history":[{"count":0,"href":"https:\/\/www.europesays.com\/se\/wp-json\/wp\/v2\/posts\/116566\/revisions"}],"wp:featuredmedia":[{"embeddable":true,"href":"https:\/\/www.europesays.com\/se\/wp-json\/wp\/v2\/media\/116567"}],"wp:attachment":[{"href":"https:\/\/www.europesays.com\/se\/wp-json\/wp\/v2\/media?parent=116566"}],"wp:term":[{"taxonomy":"category","embeddable":true,"href":"https:\/\/www.europesays.com\/se\/wp-json\/wp\/v2\/categories?post=116566"},{"taxonomy":"post_tag","embeddable":true,"href":"https:\/\/www.europesays.com\/se\/wp-json\/wp\/v2\/tags?post=116566"}],"curies":[{"name":"wp","href":"https:\/\/api.w.org\/{rel}","templated":true}]}}