{"id":116584,"date":"2025-12-25T13:31:07","date_gmt":"2025-12-25T13:31:07","guid":{"rendered":"https:\/\/www.europesays.com\/se\/116584\/"},"modified":"2025-12-25T13:31:07","modified_gmt":"2025-12-25T13:31:07","slug":"uppgifter-grovt-brott-i-boden","status":"publish","type":"post","link":"https:\/\/www.europesays.com\/se\/116584\/","title":{"rendered":"Uppgifter: Grovt brott i Boden"},"content":{"rendered":"<p class=\"boxtextgrotesk-root_baa6 hyperion-css-7pajle\">Uppdaterad 14.29 | Publicerad 13.35<\/p>\n<p>share-arrowDela<\/p>\n<p>unsaveSpara<\/p>\n<p class=\"hyperion-css-1shl3oz\" data-test-tag=\"lead-text\">Under juldagen har det skett ett grovt v\u00e5ldsbrott i centrala Boden, enligt Aftonbladets uppgifter.<\/p>\n<p class=\"hyperion-css-1shl3oz\" data-test-tag=\"lead-text\">Personer p\u00e5 plats ber\u00e4ttar att det \u00e4r en st\u00f6rre polisinsats som p\u00e5g\u00e5r.<\/p>\n<p class=\"hyperion-css-1shl3oz\" data-test-tag=\"lead-text\">\u2013 Det \u00e4r en allvarlig h\u00e4ndelse, s\u00e4ger \u00c5sa Mj\u00f6rndal, polisens presstalesperson. <\/p>\n<p class=\"hyperion-css-1v9qo5x\">Det p\u00e5g\u00e5r just nu en polisinsats i centrala Boden efter att polisen larmades till omr\u00e5det vid lunchtid.<\/p>\n<p class=\"hyperion-css-1v9qo5x\">\u2013 Vi har ett p\u00e5g\u00e5ende \u00e4rende d\u00e4r, just nu kan jag inte s\u00e4ga mer \u00e4n att det \u00e4r en allvarlig h\u00e4ndelse, s\u00e4ger polisens presstalesperson \u00c5sa Mj\u00f6rndal. <\/p>\n<p class=\"hyperion-css-1v9qo5x\">Enligt Aftonbladets uppgifter ska det handla om ett grovt v\u00e5ldsbrott d\u00e4r flera personer ska vara skadade.<\/p>\n<p class=\"hyperion-css-1v9qo5x\">En misst\u00e4nkt g\u00e4rningsman ska, enligt uppgift, ha skjutits av polis. Skadel\u00e4get \u00e4r oklart.<\/p>\n<p class=\"hyperion-css-1v9qo5x\">\u2013 Jag vill inte kommentera n\u00e5got alls i nul\u00e4get, s\u00e4ger polisens presstalesperson \u00c5sa Mj\u00f6rndal. <\/p>\n<p class=\"hyperion-css-1v9qo5x\">En boende i omr\u00e5det, som Aftonbladet pratat med, har sett flera polisbilar och ambulanser p\u00e5 gatan. Personen beskriver platsen som ett \u201dlugnt villakvarter\u201d.<\/p>\n<p class=\"hyperion-css-1v9qo5x\">\u2013 Vi \u00e4r lite chockade h\u00e4r, s\u00e4ger personen.<\/p>\n","protected":false},"excerpt":{"rendered":"Uppdaterad 14.29 | Publicerad 13.35 share-arrowDela unsaveSpara Under juldagen har det skett ett grovt v\u00e5ldsbrott i centrala Boden,&hellip;\n","protected":false},"author":2,"featured_media":465,"comment_status":"","ping_status":"","sticky":false,"template":"","format":"standard","meta":{"footnotes":""},"categories":[5],"tags":[22,23,26,27,17,21,24,25,28,29,15,16,18,34,31,33,32,30,19,20],"class_list":{"0":"post-116584","1":"post","2":"type-post","3":"status-publish","4":"format-standard","5":"has-post-thumbnail","7":"category-rubriker","8":"tag-breaking-news","9":"tag-breakingnews","10":"tag-featured-news","11":"tag-featurednews","12":"tag-headlines","13":"tag-huvudnyheter","14":"tag-latest-news","15":"tag-latestnews","16":"tag-main-news","17":"tag-mainnews","18":"tag-news","19":"tag-nyheter","20":"tag-rubriker","21":"tag-se","22":"tag-svenska","23":"tag-sverige","24":"tag-sweden","25":"tag-swedish","26":"tag-top-stories","27":"tag-topstories"},"share_on_mastodon":{"url":"https:\/\/pubeurope.com\/@se\/115780457806239920","error":""},"_links":{"self":[{"href":"https:\/\/www.europesays.com\/se\/wp-json\/wp\/v2\/posts\/116584","targetHints":{"allow":["GET"]}}],"collection":[{"href":"https:\/\/www.europesays.com\/se\/wp-json\/wp\/v2\/posts"}],"about":[{"href":"https:\/\/www.europesays.com\/se\/wp-json\/wp\/v2\/types\/post"}],"author":[{"embeddable":true,"href":"https:\/\/www.europesays.com\/se\/wp-json\/wp\/v2\/users\/2"}],"replies":[{"embeddable":true,"href":"https:\/\/www.europesays.com\/se\/wp-json\/wp\/v2\/comments?post=116584"}],"version-history":[{"count":0,"href":"https:\/\/www.europesays.com\/se\/wp-json\/wp\/v2\/posts\/116584\/revisions"}],"wp:featuredmedia":[{"embeddable":true,"href":"https:\/\/www.europesays.com\/se\/wp-json\/wp\/v2\/media\/465"}],"wp:attachment":[{"href":"https:\/\/www.europesays.com\/se\/wp-json\/wp\/v2\/media?parent=116584"}],"wp:term":[{"taxonomy":"category","embeddable":true,"href":"https:\/\/www.europesays.com\/se\/wp-json\/wp\/v2\/categories?post=116584"},{"taxonomy":"post_tag","embeddable":true,"href":"https:\/\/www.europesays.com\/se\/wp-json\/wp\/v2\/tags?post=116584"}],"curies":[{"name":"wp","href":"https:\/\/api.w.org\/{rel}","templated":true}]}}