{"id":116585,"date":"2025-12-25T13:33:19","date_gmt":"2025-12-25T13:33:19","guid":{"rendered":"https:\/\/www.europesays.com\/se\/116585\/"},"modified":"2025-12-25T13:33:19","modified_gmt":"2025-12-25T13:33:19","slug":"31-shl-forwards-som-har-presterat-under-forvantningarna-shl","status":"publish","type":"post","link":"https:\/\/www.europesays.com\/se\/116585\/","title":{"rendered":"31 SHL-forwards som har presterat under f\u00f6rv\u00e4ntningarna | SHL"},"content":{"rendered":"<p>Publicerad 25 dec 2025 kl 10.43Uppdaterad kl 11.44<\/p>\n<p>PremiumSHL har tagit jullov.<\/p>\n<p>En bra tid f\u00f6r reflektion, och kanske ta chansen till att g\u00f6ra en omstart p\u00e5 s\u00e4songen.<\/p>\n<p>Det kan flera spelare vara i behov utav.<\/p>\n<p>Expressen har synat varje lag, och prestationen, som visar att flera spelare har levererat klart under f\u00f6rv\u00e4ntningarna inf\u00f6r s\u00e4songen.<\/p>\n<p> Tj\u00e4nar som en toppspelare \u2013 levererar som en i fj\u00e4rdekedjan<\/p>\n<p> Inte gjort m\u00e5l sedan i september<\/p>\n<p> F\u00e5r spela med lagets b\u00e4sta spelare \u2013 levererar \u00e4nd\u00e5 inte<\/p>\n<p> \u00c4r han ens skadefri?<\/p>\n<p> Hur m\u00e5nga gl\u00e4der sig \u00e5t det nya avtalet i dag?<\/p>\n<p><img   alt=\"\"\/>\u00d6ppna bild i helsk\u00e4rm<\/p>\n","protected":false},"excerpt":{"rendered":"Publicerad 25 dec 2025 kl 10.43Uppdaterad kl 11.44 PremiumSHL har tagit jullov. En bra tid f\u00f6r reflektion, och&hellip;\n","protected":false},"author":2,"featured_media":116586,"comment_status":"","ping_status":"","sticky":false,"template":"","format":"standard","meta":{"footnotes":""},"categories":[68],"tags":[1179,103,34,255,823,111,110,31,33,32,30],"class_list":{"0":"post-116585","1":"post","2":"type-post","3":"status-publish","4":"format-standard","5":"has-post-thumbnail","7":"category-sport","8":"tag-organization-shl","9":"tag-premium","10":"tag-se","11":"tag-sections-ishockey","12":"tag-sections-shl","13":"tag-sport","14":"tag-sports","15":"tag-svenska","16":"tag-sverige","17":"tag-sweden","18":"tag-swedish"},"share_on_mastodon":{"url":"https:\/\/pubeurope.com\/@se\/115780465832086266","error":""},"_links":{"self":[{"href":"https:\/\/www.europesays.com\/se\/wp-json\/wp\/v2\/posts\/116585","targetHints":{"allow":["GET"]}}],"collection":[{"href":"https:\/\/www.europesays.com\/se\/wp-json\/wp\/v2\/posts"}],"about":[{"href":"https:\/\/www.europesays.com\/se\/wp-json\/wp\/v2\/types\/post"}],"author":[{"embeddable":true,"href":"https:\/\/www.europesays.com\/se\/wp-json\/wp\/v2\/users\/2"}],"replies":[{"embeddable":true,"href":"https:\/\/www.europesays.com\/se\/wp-json\/wp\/v2\/comments?post=116585"}],"version-history":[{"count":0,"href":"https:\/\/www.europesays.com\/se\/wp-json\/wp\/v2\/posts\/116585\/revisions"}],"wp:featuredmedia":[{"embeddable":true,"href":"https:\/\/www.europesays.com\/se\/wp-json\/wp\/v2\/media\/116586"}],"wp:attachment":[{"href":"https:\/\/www.europesays.com\/se\/wp-json\/wp\/v2\/media?parent=116585"}],"wp:term":[{"taxonomy":"category","embeddable":true,"href":"https:\/\/www.europesays.com\/se\/wp-json\/wp\/v2\/categories?post=116585"},{"taxonomy":"post_tag","embeddable":true,"href":"https:\/\/www.europesays.com\/se\/wp-json\/wp\/v2\/tags?post=116585"}],"curies":[{"name":"wp","href":"https:\/\/api.w.org\/{rel}","templated":true}]}}