{"id":116601,"date":"2025-12-25T13:49:22","date_gmt":"2025-12-25T13:49:22","guid":{"rendered":"https:\/\/www.europesays.com\/se\/116601\/"},"modified":"2025-12-25T13:49:22","modified_gmt":"2025-12-25T13:49:22","slug":"kbk-boxare-fran-katrineholm-tar-medaljer-i-litauen","status":"publish","type":"post","link":"https:\/\/www.europesays.com\/se\/116601\/","title":{"rendered":"KBK-boxare fr\u00e5n Katrineholm tar medaljer i Litauen"},"content":{"rendered":"<p>Katrineholmarna \u00e4r hemma igen efter en intensiv helg i Litauen. Leonardo Ibic och Bajram Demiri k\u00e4mpade f\u00f6r Sverige, medan Alvin Shefkiu och Zeen Abdulhak representerade klubben p\u00e5 den internationella scenen.\u2013 Leo och Bajram gjorde riktigt fina matcher, j\u00e4mna och tuffa, och om jag ska vara lite partisk, s\u00e5 hade b\u00e5da vunnit i Sverige. Men ibland s\u00e5 \u00e4r det sv\u00e5rt att \u00f6ve<\/p>\n","protected":false},"excerpt":{"rendered":"Katrineholmarna \u00e4r hemma igen efter en intensiv helg i Litauen. Leonardo Ibic och Bajram Demiri k\u00e4mpade f\u00f6r Sverige,&hellip;\n","protected":false},"author":2,"featured_media":116602,"comment_status":"","ping_status":"","sticky":false,"template":"","format":"standard","meta":{"footnotes":""},"categories":[68],"tags":[34,111,110,31,33,32,30],"class_list":{"0":"post-116601","1":"post","2":"type-post","3":"status-publish","4":"format-standard","5":"has-post-thumbnail","7":"category-sport","8":"tag-se","9":"tag-sport","10":"tag-sports","11":"tag-svenska","12":"tag-sverige","13":"tag-sweden","14":"tag-swedish"},"share_on_mastodon":{"url":"https:\/\/pubeurope.com\/@se\/115780528753104837","error":""},"_links":{"self":[{"href":"https:\/\/www.europesays.com\/se\/wp-json\/wp\/v2\/posts\/116601","targetHints":{"allow":["GET"]}}],"collection":[{"href":"https:\/\/www.europesays.com\/se\/wp-json\/wp\/v2\/posts"}],"about":[{"href":"https:\/\/www.europesays.com\/se\/wp-json\/wp\/v2\/types\/post"}],"author":[{"embeddable":true,"href":"https:\/\/www.europesays.com\/se\/wp-json\/wp\/v2\/users\/2"}],"replies":[{"embeddable":true,"href":"https:\/\/www.europesays.com\/se\/wp-json\/wp\/v2\/comments?post=116601"}],"version-history":[{"count":0,"href":"https:\/\/www.europesays.com\/se\/wp-json\/wp\/v2\/posts\/116601\/revisions"}],"wp:featuredmedia":[{"embeddable":true,"href":"https:\/\/www.europesays.com\/se\/wp-json\/wp\/v2\/media\/116602"}],"wp:attachment":[{"href":"https:\/\/www.europesays.com\/se\/wp-json\/wp\/v2\/media?parent=116601"}],"wp:term":[{"taxonomy":"category","embeddable":true,"href":"https:\/\/www.europesays.com\/se\/wp-json\/wp\/v2\/categories?post=116601"},{"taxonomy":"post_tag","embeddable":true,"href":"https:\/\/www.europesays.com\/se\/wp-json\/wp\/v2\/tags?post=116601"}],"curies":[{"name":"wp","href":"https:\/\/api.w.org\/{rel}","templated":true}]}}