{"id":116611,"date":"2025-12-25T13:58:43","date_gmt":"2025-12-25T13:58:43","guid":{"rendered":"https:\/\/www.europesays.com\/se\/116611\/"},"modified":"2025-12-25T13:58:43","modified_gmt":"2025-12-25T13:58:43","slug":"konkurrens-till-dods-nar-familjefar-far-sparken-och-borjar-morda","status":"publish","type":"post","link":"https:\/\/www.europesays.com\/se\/116611\/","title":{"rendered":"Konkurrens till d\u00f6ds n\u00e4r familjefar f\u00e5r sparken och b\u00f6rjar m\u00f6rda"},"content":{"rendered":"<p>Thriller\/KomediTitel: No other choiceVisas p\u00e5: FyrisbiografenI rollerna: Lee Byung-hun, Son Ye-jin, Park Hee-soonRegi: Park Chan-wookSpeltid: 139 minBetyg: 3Den sydkoreanske regiss\u00f6ren Park Chan-wook, k\u00e4nd f\u00f6r &#8221;Old boy&#8221; (2003) och &#8221;The handmaiden&#8221; (2016), \u00e4r tillbaka med en svart komedi om den moderna arbetsmarknadens stenh\u00e5rda konkurrens. Filmen tar avstamp i perfekt<\/p>\n","protected":false},"excerpt":{"rendered":"Thriller\/KomediTitel: No other choiceVisas p\u00e5: FyrisbiografenI rollerna: Lee Byung-hun, Son Ye-jin, Park Hee-soonRegi: Park Chan-wookSpeltid: 139 minBetyg: 3Den&hellip;\n","protected":false},"author":2,"featured_media":116612,"comment_status":"","ping_status":"","sticky":false,"template":"","format":"standard","meta":{"footnotes":""},"categories":[67],"tags":[104,34,31,33,32,30,105],"class_list":{"0":"post-116611","1":"post","2":"type-post","3":"status-publish","4":"format-standard","5":"has-post-thumbnail","7":"category-underhallning","8":"tag-entertainment","9":"tag-se","10":"tag-svenska","11":"tag-sverige","12":"tag-sweden","13":"tag-swedish","14":"tag-underhallning"},"share_on_mastodon":{"url":"https:\/\/pubeurope.com\/@se\/115780563972468876","error":""},"_links":{"self":[{"href":"https:\/\/www.europesays.com\/se\/wp-json\/wp\/v2\/posts\/116611","targetHints":{"allow":["GET"]}}],"collection":[{"href":"https:\/\/www.europesays.com\/se\/wp-json\/wp\/v2\/posts"}],"about":[{"href":"https:\/\/www.europesays.com\/se\/wp-json\/wp\/v2\/types\/post"}],"author":[{"embeddable":true,"href":"https:\/\/www.europesays.com\/se\/wp-json\/wp\/v2\/users\/2"}],"replies":[{"embeddable":true,"href":"https:\/\/www.europesays.com\/se\/wp-json\/wp\/v2\/comments?post=116611"}],"version-history":[{"count":0,"href":"https:\/\/www.europesays.com\/se\/wp-json\/wp\/v2\/posts\/116611\/revisions"}],"wp:featuredmedia":[{"embeddable":true,"href":"https:\/\/www.europesays.com\/se\/wp-json\/wp\/v2\/media\/116612"}],"wp:attachment":[{"href":"https:\/\/www.europesays.com\/se\/wp-json\/wp\/v2\/media?parent=116611"}],"wp:term":[{"taxonomy":"category","embeddable":true,"href":"https:\/\/www.europesays.com\/se\/wp-json\/wp\/v2\/categories?post=116611"},{"taxonomy":"post_tag","embeddable":true,"href":"https:\/\/www.europesays.com\/se\/wp-json\/wp\/v2\/tags?post=116611"}],"curies":[{"name":"wp","href":"https:\/\/api.w.org\/{rel}","templated":true}]}}