{"id":116619,"date":"2025-12-25T14:11:19","date_gmt":"2025-12-25T14:11:19","guid":{"rendered":"https:\/\/www.europesays.com\/se\/116619\/"},"modified":"2025-12-25T14:11:19","modified_gmt":"2025-12-25T14:11:19","slug":"tim-kande-det-kraftiga-skalvet-i-gallviare-tallrikar-skakade","status":"publish","type":"post","link":"https:\/\/www.europesays.com\/se\/116619\/","title":{"rendered":"Tim k\u00e4nde det kraftiga skalvet i G\u00e4llviare: Tallrikar skakade"},"content":{"rendered":"<p class=\"boxtextgrotesk-root_baa6 hyperion-css-7pajle\">Uppdaterad 15.07 | Publicerad 14.49<\/p>\n<p>share-arrowDela<\/p>\n<p>unsaveSpara<\/p>\n<p>expand-left<\/p>\n<p>helsk\u00e4rm<img decoding=\"async\" class=\"image-asset hyperion-css-u06ts1\" data-test-tag=\"image-asset\" src=\"https:\/\/www.europesays.com\/se\/wp-content\/uploads\/2025\/12\/988e93c2-94b2-4443-97ab-851cc0670892\"  alt=\"LKAB i G\u00e4llivare\"  loading=\"eager\" fetchpriority=\"high\" style=\"aspect-ratio:1900 \/ 1267\"\/>LKAB i G\u00e4llivare Foto: Lotte Fernvall <\/p>\n<p class=\"hyperion-css-1shl3oz\" data-test-tag=\"lead-text\">P\u00e5 juldagen b\u00f6rjade hus i G\u00e4llivare pl\u00f6tsligt att skaka. <\/p>\n<p class=\"hyperion-css-1shl3oz\" data-test-tag=\"lead-text\">Anledningen var ett historiskt kraftigt skalv fr\u00e5n LKAB:s gruva. <\/p>\n<p class=\"hyperion-css-1shl3oz\" data-test-tag=\"lead-text\">\u2013 Glas och tallrikar i sk\u00e5pen b\u00f6rjade skallra, s\u00e4ger Tim som bor i n\u00e4rheten. <\/p>\n<p class=\"hyperion-css-1v9qo5x\">Skalvet har uppm\u00e4tts till en premilmin\u00e4r <\/p>\n<p class=\"hyperion-css-1v9qo5x\">Ett kraftigt skalv har intr\u00e4ffat i G\u00e4llivare p\u00e5 juldagen. <\/p>\n<p class=\"hyperion-css-1v9qo5x\">Det uppger LKAB. <\/p>\n<p class=\"hyperion-css-1v9qo5x\">\u2013\u00a0Det \u00e4r en av de st\u00f6rre seismiska h\u00e4ndelserna som vi haft n\u00e5gonsin, uppger Ulrika Huhtaniska, pressansvarig vid f\u00f6retaget. <\/p>\n<p class=\"hyperion-css-1v9qo5x\">Huhtaniska uppger att det prelimin\u00e4rt r\u00f6r sig om ett skalv p\u00e5 2.7, enligt LKAB:s egen skala.<\/p>\n<p class=\"hyperion-css-1v9qo5x\">I v\u00e4ntan p\u00e5 att berget ska stabiliseras kommer arbetet vid Gunilla h\u00e4ngv\u00e4gg att stoppas. <\/p>\n<p class=\"hyperion-css-1v9qo5x\">\u2013 Det h\u00e4r har skett p\u00e5 en plats d\u00e4r det varken finns, m\u00e4nniskor, v\u00e4gar eller fordon. Men det har k\u00e4nts mycket ovan jord och det kan upplevas som obehagligt, s\u00e4ger Huhtaniska. <\/p>\n","protected":false},"excerpt":{"rendered":"Uppdaterad 15.07 | Publicerad 14.49 share-arrowDela unsaveSpara expand-left helsk\u00e4rmLKAB i G\u00e4llivare Foto: Lotte Fernvall P\u00e5 juldagen b\u00f6rjade hus&hellip;\n","protected":false},"author":2,"featured_media":116620,"comment_status":"","ping_status":"","sticky":false,"template":"","format":"standard","meta":{"footnotes":""},"categories":[65],"tags":[72,70,71,34,31,33,32,30],"class_list":{"0":"post-116619","1":"post","2":"type-post","3":"status-publish","4":"format-standard","5":"has-post-thumbnail","7":"category-ekonomi","8":"tag-business","9":"tag-economy","10":"tag-ekonomi","11":"tag-se","12":"tag-svenska","13":"tag-sverige","14":"tag-sweden","15":"tag-swedish"},"share_on_mastodon":{"url":"https:\/\/pubeurope.com\/@se\/115780615231560097","error":""},"_links":{"self":[{"href":"https:\/\/www.europesays.com\/se\/wp-json\/wp\/v2\/posts\/116619","targetHints":{"allow":["GET"]}}],"collection":[{"href":"https:\/\/www.europesays.com\/se\/wp-json\/wp\/v2\/posts"}],"about":[{"href":"https:\/\/www.europesays.com\/se\/wp-json\/wp\/v2\/types\/post"}],"author":[{"embeddable":true,"href":"https:\/\/www.europesays.com\/se\/wp-json\/wp\/v2\/users\/2"}],"replies":[{"embeddable":true,"href":"https:\/\/www.europesays.com\/se\/wp-json\/wp\/v2\/comments?post=116619"}],"version-history":[{"count":0,"href":"https:\/\/www.europesays.com\/se\/wp-json\/wp\/v2\/posts\/116619\/revisions"}],"wp:featuredmedia":[{"embeddable":true,"href":"https:\/\/www.europesays.com\/se\/wp-json\/wp\/v2\/media\/116620"}],"wp:attachment":[{"href":"https:\/\/www.europesays.com\/se\/wp-json\/wp\/v2\/media?parent=116619"}],"wp:term":[{"taxonomy":"category","embeddable":true,"href":"https:\/\/www.europesays.com\/se\/wp-json\/wp\/v2\/categories?post=116619"},{"taxonomy":"post_tag","embeddable":true,"href":"https:\/\/www.europesays.com\/se\/wp-json\/wp\/v2\/tags?post=116619"}],"curies":[{"name":"wp","href":"https:\/\/api.w.org\/{rel}","templated":true}]}}