{"id":11662,"date":"2025-08-23T08:51:20","date_gmt":"2025-08-23T08:51:20","guid":{"rendered":"https:\/\/www.europesays.com\/se\/11662\/"},"modified":"2025-08-23T08:51:20","modified_gmt":"2025-08-23T08:51:20","slug":"blavitts-besked-carneil-far-ingen-mer-speltid","status":"publish","type":"post","link":"https:\/\/www.europesays.com\/se\/11662\/","title":{"rendered":"Bl\u00e5vitts besked: Carneil f\u00e5r ingen mer speltid"},"content":{"rendered":"<p><strong><a href=\"https:\/\/www.google.com\/url?sa=t&amp;source=web&amp;rct=j&amp;opi=89978449&amp;url=https:\/\/fotbolldirekt.se\/spelare\/hussein-carneil\/&amp;ved=2ahUKEwiI2dH28J2PAxURHxAIHZ9_BGYQFnoECBkQAQ&amp;usg=AOvVaw17fHdcfemUKRvoYVxoXppj\" rel=\"nofollow noopener\" target=\"_blank\">Hussein Carneil,<\/a> 22, f\u00e5r inte mer speltid i <a href=\"https:\/\/www.google.com\/url?sa=t&amp;source=web&amp;rct=j&amp;opi=89978449&amp;url=https:\/\/fotbolldirekt.se\/klubb\/ifk-goteborg\/&amp;ved=2ahUKEwit5YCZ8J2PAxWDUVUIHQN4GjwQFnoECAoQAQ&amp;usg=AOvVaw2OuTA4JW5-Eu__4IvkYxfk\" rel=\"nofollow noopener\" target=\"_blank\">IFK G\u00f6teborg. <\/a><br \/>Klubben har beslutat att prioritera andra spelare d\u00e5 mittf\u00e4ltarens kontrakt l\u00f6per ut efter s\u00e4songen. <br \/>\u2013 Vi som klubb har tagit det beslutet, s\u00e4ger sportchefen Hannes Stiller till<a href=\"https:\/\/www.gp.se\/sport\/fotboll\/ifk-goteborg\/ifk-goteborgs-besked-till-hussein-carneil-kommer-inte-spela-fler-matcher.bc8f74da-09f5-4bda-899f-6a74d1cfb280\" rel=\"nofollow noopener\" target=\"_blank\"> GP.<\/a><\/strong><\/p>\n<p>Carneil har haft sv\u00e5rt att ta plats i Bl\u00e5vitt efter skadeproblem och begr\u00e4nsad speltid. <br \/>Nu uppger\u00a0GP\u00a0att han <strong>inte l\u00e4ngre kommer anv\u00e4ndas i matchspel.<\/strong><\/p>\n<p>\u2013 Vi som klubb har tagit det beslutet och det \u00e4r kopplat till hans kontraktssituation, han sitter p\u00e5 ett utg\u00e5ende kontrakt och i den fasen har vi valt att prioritera andra spelare. Vi har pratat med honom och sagt att om han vill titta sig om efter annat s\u00e5 f\u00e5r han g\u00e4rna g\u00f6ra det. Alla vet nog om att han inte spelat s\u00e5 mycket under v\u00e5ren. Vi har landat i den bed\u00f6mningen att det h\u00e4r \u00e4r det b\u00e4sta just nu, s\u00e4ger sportchefen Hannes Stiller till GP och p\u00e5pekar att det inte \u00e4r n\u00e5gon form av disciplin\u00e4r \u00e5tg\u00e4rd.<\/p>\n<p>Cerneil som gjort tv\u00e5 m\u00e5l och tv\u00e5 assist p\u00e5 45 matcher med IFK G\u00f6teborg s\u00e4ger s\u00e5h\u00e4r om situationen:<\/p>\n<p>\u2013 Det har absolut inte funnits n\u00e5gra tankar p\u00e5 att ge upp. Att jag inte f\u00e5r spela \u00e4r deras val och mitt val kommer alltid vara att ge hundra procent p\u00e5 varje tr\u00e4ning, det spelar ingen roll om jag spelar eller inte. Det \u00e4r s\u00e5 det alltid kommer att vara och jag siktar alltid h\u00f6gre, s\u00e4ger han till GP.<\/p>\n","protected":false},"excerpt":{"rendered":"Hussein Carneil, 22, f\u00e5r inte mer speltid i IFK G\u00f6teborg. Klubben har beslutat att prioritera andra spelare d\u00e5&hellip;\n","protected":false},"author":2,"featured_media":11663,"comment_status":"","ping_status":"","sticky":false,"template":"","format":"standard","meta":{"footnotes":""},"categories":[68],"tags":[1376,34,111,110,31,33,32,30],"class_list":{"0":"post-11662","1":"post","2":"type-post","3":"status-publish","4":"format-standard","5":"has-post-thumbnail","7":"category-sport","8":"tag-andra-trean","9":"tag-se","10":"tag-sport","11":"tag-sports","12":"tag-svenska","13":"tag-sverige","14":"tag-sweden","15":"tag-swedish"},"share_on_mastodon":{"url":"","error":""},"_links":{"self":[{"href":"https:\/\/www.europesays.com\/se\/wp-json\/wp\/v2\/posts\/11662","targetHints":{"allow":["GET"]}}],"collection":[{"href":"https:\/\/www.europesays.com\/se\/wp-json\/wp\/v2\/posts"}],"about":[{"href":"https:\/\/www.europesays.com\/se\/wp-json\/wp\/v2\/types\/post"}],"author":[{"embeddable":true,"href":"https:\/\/www.europesays.com\/se\/wp-json\/wp\/v2\/users\/2"}],"replies":[{"embeddable":true,"href":"https:\/\/www.europesays.com\/se\/wp-json\/wp\/v2\/comments?post=11662"}],"version-history":[{"count":0,"href":"https:\/\/www.europesays.com\/se\/wp-json\/wp\/v2\/posts\/11662\/revisions"}],"wp:featuredmedia":[{"embeddable":true,"href":"https:\/\/www.europesays.com\/se\/wp-json\/wp\/v2\/media\/11663"}],"wp:attachment":[{"href":"https:\/\/www.europesays.com\/se\/wp-json\/wp\/v2\/media?parent=11662"}],"wp:term":[{"taxonomy":"category","embeddable":true,"href":"https:\/\/www.europesays.com\/se\/wp-json\/wp\/v2\/categories?post=11662"},{"taxonomy":"post_tag","embeddable":true,"href":"https:\/\/www.europesays.com\/se\/wp-json\/wp\/v2\/tags?post=11662"}],"curies":[{"name":"wp","href":"https:\/\/api.w.org\/{rel}","templated":true}]}}