{"id":116621,"date":"2025-12-25T14:12:10","date_gmt":"2025-12-25T14:12:10","guid":{"rendered":"https:\/\/www.europesays.com\/se\/116621\/"},"modified":"2025-12-25T14:12:10","modified_gmt":"2025-12-25T14:12:10","slug":"hemlos-man-flyttade-in-hos-familj-blev-kvar-i-45-ar","status":"publish","type":"post","link":"https:\/\/www.europesays.com\/se\/116621\/","title":{"rendered":"Heml\u00f6s man flyttade in hos familj \u2013 blev kvar i 45 \u00e5r"},"content":{"rendered":"<p>Den 23 december 1975 \u00f6ppnade Rob och Dianne Parsons d\u00f6rren till sitt hem i Cardiff. P\u00e5 trappan stod en heml\u00f6s man med en fryst kyckling i handen. Paret k\u00e4nde igen honom vagt fr\u00e5n omr\u00e5det och bj\u00f6d in honom \u00f6ver helgen. Han blev kvar i 45 \u00e5r.<\/p>\n<p>Mannen hette Ronnie Lockwood. Han hade autism och hade varit heml\u00f6s sedan ton\u00e5ren, efter att ha placerats p\u00e5 institution som barn och senare skickats tillbaka till Cardiff utan bostad, arbete eller st\u00f6d. Bes\u00f6ket hos Rob och Dianne Parsons var fr\u00e5n b\u00f6rjan t\u00e4nkt att bli kortvarigt.<\/p>\n","protected":false},"excerpt":{"rendered":"Den 23 december 1975 \u00f6ppnade Rob och Dianne Parsons d\u00f6rren till sitt hem i Cardiff. P\u00e5 trappan stod&hellip;\n","protected":false},"author":2,"featured_media":116622,"comment_status":"","ping_status":"","sticky":false,"template":"","format":"standard","meta":{"footnotes":""},"categories":[14],"tags":[22,23,26,27,17,21,24,25,28,29,15,16,18,34,31,33,32,30,19,20,51,52,53,54],"class_list":{"0":"post-116621","1":"post","2":"type-post","3":"status-publish","4":"format-standard","5":"has-post-thumbnail","7":"category-varlden","8":"tag-breaking-news","9":"tag-breakingnews","10":"tag-featured-news","11":"tag-featurednews","12":"tag-headlines","13":"tag-huvudnyheter","14":"tag-latest-news","15":"tag-latestnews","16":"tag-main-news","17":"tag-mainnews","18":"tag-news","19":"tag-nyheter","20":"tag-rubriker","21":"tag-se","22":"tag-svenska","23":"tag-sverige","24":"tag-sweden","25":"tag-swedish","26":"tag-top-stories","27":"tag-topstories","28":"tag-varlden","29":"tag-world","30":"tag-world-news","31":"tag-worldnews"},"share_on_mastodon":{"url":"https:\/\/pubeurope.com\/@se\/115780619152891659","error":""},"_links":{"self":[{"href":"https:\/\/www.europesays.com\/se\/wp-json\/wp\/v2\/posts\/116621","targetHints":{"allow":["GET"]}}],"collection":[{"href":"https:\/\/www.europesays.com\/se\/wp-json\/wp\/v2\/posts"}],"about":[{"href":"https:\/\/www.europesays.com\/se\/wp-json\/wp\/v2\/types\/post"}],"author":[{"embeddable":true,"href":"https:\/\/www.europesays.com\/se\/wp-json\/wp\/v2\/users\/2"}],"replies":[{"embeddable":true,"href":"https:\/\/www.europesays.com\/se\/wp-json\/wp\/v2\/comments?post=116621"}],"version-history":[{"count":0,"href":"https:\/\/www.europesays.com\/se\/wp-json\/wp\/v2\/posts\/116621\/revisions"}],"wp:featuredmedia":[{"embeddable":true,"href":"https:\/\/www.europesays.com\/se\/wp-json\/wp\/v2\/media\/116622"}],"wp:attachment":[{"href":"https:\/\/www.europesays.com\/se\/wp-json\/wp\/v2\/media?parent=116621"}],"wp:term":[{"taxonomy":"category","embeddable":true,"href":"https:\/\/www.europesays.com\/se\/wp-json\/wp\/v2\/categories?post=116621"},{"taxonomy":"post_tag","embeddable":true,"href":"https:\/\/www.europesays.com\/se\/wp-json\/wp\/v2\/tags?post=116621"}],"curies":[{"name":"wp","href":"https:\/\/api.w.org\/{rel}","templated":true}]}}