{"id":116630,"date":"2025-12-25T14:20:07","date_gmt":"2025-12-25T14:20:07","guid":{"rendered":"https:\/\/www.europesays.com\/se\/116630\/"},"modified":"2025-12-25T14:20:07","modified_gmt":"2025-12-25T14:20:07","slug":"varmerekord-pa-island-198-grader-pa-julafton-hufvudstadsbladet","status":"publish","type":"post","link":"https:\/\/www.europesays.com\/se\/116630\/","title":{"rendered":"V\u00e4rmerekord p\u00e5 Island: 19,8 grader p\u00e5 julafton &#8211; Hufvudstadsbladet"},"content":{"rendered":"<ol>\n<li><a href=\"https:\/\/news.google.com\/rss\/articles\/CBMigAFBVV95cUxPQTIyVWdUdGlyakEyWkM4WXRRSXlHXzY5N2g4WDl0MkNPcjZUN3UyZEdrUldMOWxRM2oydi1PWDVOd2J0SWNJZ0dqc3hNZGZ5dWFvRUN3MldBeFAzRXRKM0hWaXp2YW1CUlA5VTlRdk9HWVNmNDlKVVh5YV9qNWtMMg?oc=5\" target=\"_blank\" rel=\"nofollow noopener\">V\u00e4rmerekord p\u00e5 Island: 19,8 grader p\u00e5 julafton<\/a>&nbsp;&nbsp;Hufvudstadsbladet<\/li>\n<li><a href=\"https:\/\/news.google.com\/rss\/articles\/CBMilwFBVV95cUxQZ1hfazI4TWt2Y2dpQkk4ZnhUUGVoUngwSy1mV3BsZjZobTlnWHdDaVBMOUo3Q1N0cmlybm1ZS000eFBtblJFSm1PaGlLZW9UTkh5anVxbXE5UlJHRTlkTHFjeEhKaXp0WmNvNnR1UlYybW9TWFBXSF9HeWFZOXVPclJMaWdubXFoQjk4ZDB3ZkI2cVE5al80?oc=5\" target=\"_blank\" rel=\"nofollow noopener\">Ljudstrul i Bingolotto: &#8221;Sprakade&#8221;<\/a>&nbsp;&nbsp;Expressen<\/li>\n<li><a href=\"https:\/\/news.google.com\/rss\/articles\/CBMiigFBVV95cUxNaklYZFpsblhpbjdSaDh2YklBM1JpWWRlZFJ0OTEwVmJLTGo1cEN3MU5DSTFqeEVNSS12MWQ0Qm0xQ0IySjhZNnpDQi1wVGs1VVRQc3o4ZDMtS29VNUZxNG9MQXBjTmd6VHBGZVBGVmRxbkhoSnBOblNGcDJxbHZGNy1BZGY4ejRJakE?oc=5\" target=\"_blank\" rel=\"nofollow noopener\">Varm julnatt p\u00e5 Island: \u201dHelt galet\u201d<\/a>&nbsp;&nbsp;Aftonbladet<\/li>\n<li><a href=\"https:\/\/news.google.com\/rss\/articles\/CBMiigFBVV95cUxQOUVPczVqaDdNa1c2cGI0SDBCcHp3X0s2V3dDT0RCYUJIdy1iMUtVMTJDU2pPaGhac2ZQMEpsZjhubXJiRjJWQWdkakoxXzJVWDlUSy1TUk5BSlptYVc0eUZHWkptajlLY0MwX1ZxVUNXSUdkX1U4bTEyek9oaTZ0Yi1XdWdxUGxLcGc?oc=5\" target=\"_blank\" rel=\"nofollow noopener\">V\u00e4rmerekord p\u00e5 Island \u2013 19,8 grader p\u00e5 julafton<\/a>&nbsp;&nbsp;Sveriges Radio<\/li>\n<li><a href=\"https:\/\/news.google.com\/rss\/articles\/CBMigAFBVV95cUxQNngyMGpRQlIyU3R3ZE56Nmt5RnBoQURsa0NVb3dLcTQyWEd4dGJoWEtuX1FXMHRESk0tMkRZdzFUOEdTcXF4eVVXcDVXMWZEZDdSVGkyaWpvX2tjdXhhWjdxdFZWcWdUT2lUQ2lpQ0hYcHc5dlJvbldmbzBxM1U2Vg?oc=5\" target=\"_blank\" rel=\"nofollow noopener\">Nytt v\u00e4rmerekord p\u00e5 Island \u2013 19,8 grader p\u00e5 julafton<\/a>&nbsp;&nbsp;Omni<\/li>\n<\/ol>\n","protected":false},"excerpt":{"rendered":"V\u00e4rmerekord p\u00e5 Island: 19,8 grader p\u00e5 julafton&nbsp;&nbsp;Hufvudstadsbladet Ljudstrul i Bingolotto: &#8221;Sprakade&#8221;&nbsp;&nbsp;Expressen Varm julnatt p\u00e5 Island: \u201dHelt galet\u201d&nbsp;&nbsp;Aftonbladet V\u00e4rmerekord&hellip;\n","protected":false},"author":2,"featured_media":116631,"comment_status":"","ping_status":"","sticky":false,"template":"","format":"standard","meta":{"footnotes":""},"categories":[14],"tags":[22,23,26,27,17,21,24,25,28,29,15,16,18,34,31,33,32,30,19,20,51,52,53,54],"class_list":{"0":"post-116630","1":"post","2":"type-post","3":"status-publish","4":"format-standard","5":"has-post-thumbnail","7":"category-varlden","8":"tag-breaking-news","9":"tag-breakingnews","10":"tag-featured-news","11":"tag-featurednews","12":"tag-headlines","13":"tag-huvudnyheter","14":"tag-latest-news","15":"tag-latestnews","16":"tag-main-news","17":"tag-mainnews","18":"tag-news","19":"tag-nyheter","20":"tag-rubriker","21":"tag-se","22":"tag-svenska","23":"tag-sverige","24":"tag-sweden","25":"tag-swedish","26":"tag-top-stories","27":"tag-topstories","28":"tag-varlden","29":"tag-world","30":"tag-world-news","31":"tag-worldnews"},"share_on_mastodon":{"url":"https:\/\/pubeurope.com\/@se\/115780650593511521","error":""},"_links":{"self":[{"href":"https:\/\/www.europesays.com\/se\/wp-json\/wp\/v2\/posts\/116630","targetHints":{"allow":["GET"]}}],"collection":[{"href":"https:\/\/www.europesays.com\/se\/wp-json\/wp\/v2\/posts"}],"about":[{"href":"https:\/\/www.europesays.com\/se\/wp-json\/wp\/v2\/types\/post"}],"author":[{"embeddable":true,"href":"https:\/\/www.europesays.com\/se\/wp-json\/wp\/v2\/users\/2"}],"replies":[{"embeddable":true,"href":"https:\/\/www.europesays.com\/se\/wp-json\/wp\/v2\/comments?post=116630"}],"version-history":[{"count":0,"href":"https:\/\/www.europesays.com\/se\/wp-json\/wp\/v2\/posts\/116630\/revisions"}],"wp:featuredmedia":[{"embeddable":true,"href":"https:\/\/www.europesays.com\/se\/wp-json\/wp\/v2\/media\/116631"}],"wp:attachment":[{"href":"https:\/\/www.europesays.com\/se\/wp-json\/wp\/v2\/media?parent=116630"}],"wp:term":[{"taxonomy":"category","embeddable":true,"href":"https:\/\/www.europesays.com\/se\/wp-json\/wp\/v2\/categories?post=116630"},{"taxonomy":"post_tag","embeddable":true,"href":"https:\/\/www.europesays.com\/se\/wp-json\/wp\/v2\/tags?post=116630"}],"curies":[{"name":"wp","href":"https:\/\/api.w.org\/{rel}","templated":true}]}}