{"id":116632,"date":"2025-12-25T14:21:08","date_gmt":"2025-12-25T14:21:08","guid":{"rendered":"https:\/\/www.europesays.com\/se\/116632\/"},"modified":"2025-12-25T14:21:08","modified_gmt":"2025-12-25T14:21:08","slug":"kraftigt-skalv-i-malmberget-27-pa-richterskalan","status":"publish","type":"post","link":"https:\/\/www.europesays.com\/se\/116632\/","title":{"rendered":"Kraftigt skalv i Malmberget \u2013 2,7 p\u00e5 Richterskalan"},"content":{"rendered":"<p>Det \u00e4r i LKAB:s gruva i Malmberget som skalvet registrerats. LKAB skriver i ett meddelande: \u201dI Gunilla h\u00e4ngv\u00e4gg har det skett st\u00f6rre vibrationer vilket har f\u00f6ranlett att lastningen har stoppats f\u00f6r att omr\u00e5det ska lugna sig. En utredning har startats om varf\u00f6r det har skett s\u00e4ttningar i samma omr\u00e5de.\u201d<\/p>\n<p>Styrkan 2,7 \u00e4r en av de st\u00f6rre s\u00e4ttningar som skett i G\u00e4llivare\/Malmberget, enligt LKAB, och den har k\u00e4nts ovan jord. Skalvet har inte p\u00e5verkat verksamheten under jord, enligt LKAB.<\/p>\n","protected":false},"excerpt":{"rendered":"Det \u00e4r i LKAB:s gruva i Malmberget som skalvet registrerats. LKAB skriver i ett meddelande: \u201dI Gunilla h\u00e4ngv\u00e4gg&hellip;\n","protected":false},"author":2,"featured_media":793,"comment_status":"","ping_status":"","sticky":false,"template":"","format":"standard","meta":{"footnotes":""},"categories":[12],"tags":[22,23,26,27,17,21,24,25,28,29,15,16,18,34,31,33,32,30,19,20],"class_list":{"0":"post-116632","1":"post","2":"type-post","3":"status-publish","4":"format-standard","5":"has-post-thumbnail","7":"category-sverige","8":"tag-breaking-news","9":"tag-breakingnews","10":"tag-featured-news","11":"tag-featurednews","12":"tag-headlines","13":"tag-huvudnyheter","14":"tag-latest-news","15":"tag-latestnews","16":"tag-main-news","17":"tag-mainnews","18":"tag-news","19":"tag-nyheter","20":"tag-rubriker","21":"tag-se","22":"tag-svenska","23":"tag-sverige","24":"tag-sweden","25":"tag-swedish","26":"tag-top-stories","27":"tag-topstories"},"share_on_mastodon":{"url":"https:\/\/pubeurope.com\/@se\/115780654475203571","error":""},"_links":{"self":[{"href":"https:\/\/www.europesays.com\/se\/wp-json\/wp\/v2\/posts\/116632","targetHints":{"allow":["GET"]}}],"collection":[{"href":"https:\/\/www.europesays.com\/se\/wp-json\/wp\/v2\/posts"}],"about":[{"href":"https:\/\/www.europesays.com\/se\/wp-json\/wp\/v2\/types\/post"}],"author":[{"embeddable":true,"href":"https:\/\/www.europesays.com\/se\/wp-json\/wp\/v2\/users\/2"}],"replies":[{"embeddable":true,"href":"https:\/\/www.europesays.com\/se\/wp-json\/wp\/v2\/comments?post=116632"}],"version-history":[{"count":0,"href":"https:\/\/www.europesays.com\/se\/wp-json\/wp\/v2\/posts\/116632\/revisions"}],"wp:featuredmedia":[{"embeddable":true,"href":"https:\/\/www.europesays.com\/se\/wp-json\/wp\/v2\/media\/793"}],"wp:attachment":[{"href":"https:\/\/www.europesays.com\/se\/wp-json\/wp\/v2\/media?parent=116632"}],"wp:term":[{"taxonomy":"category","embeddable":true,"href":"https:\/\/www.europesays.com\/se\/wp-json\/wp\/v2\/categories?post=116632"},{"taxonomy":"post_tag","embeddable":true,"href":"https:\/\/www.europesays.com\/se\/wp-json\/wp\/v2\/tags?post=116632"}],"curies":[{"name":"wp","href":"https:\/\/api.w.org\/{rel}","templated":true}]}}