{"id":116633,"date":"2025-12-25T14:22:10","date_gmt":"2025-12-25T14:22:10","guid":{"rendered":"https:\/\/www.europesays.com\/se\/116633\/"},"modified":"2025-12-25T14:22:10","modified_gmt":"2025-12-25T14:22:10","slug":"politiken-maste-fatta-beslut-om-fjalljakten","status":"publish","type":"post","link":"https:\/\/www.europesays.com\/se\/116633\/","title":{"rendered":"\u201dPolitiken m\u00e5ste fatta beslut om fj\u00e4lljakten\u201d"},"content":{"rendered":"<p>            <img width=\"2048\" height=\"1363\" src=\"https:\/\/www.europesays.com\/se\/wp-content\/uploads\/2025\/12\/RWMUA3LIN2DVP9X.jpg\" class=\"attachment-full size-full\" alt=\"Hade de som nu talar om \u201drespekt f\u00f6r r\u00e4ttsl\u00e4get\u201d bem\u00f6dat sig om att l\u00e4sa v\u00e5ra reservationer skulle de se att vi moderater b\u00e5de v\u00e4rnar rensk\u00f6tseln och samtidigt vill s\u00e4kerst\u00e4lla r\u00e4tten att jaga och fiska p\u00e5 statens mark f\u00f6r alla svenskar, skriver debatt\u00f6ren.\" decoding=\"async\" fetchpriority=\"high\"  \/><\/p>\n<p id=\"caption-attachment-242838\" class=\"wp-caption-text\">Hade de som nu talar om \u201drespekt f\u00f6r r\u00e4ttsl\u00e4get\u201d bem\u00f6dat sig om att l\u00e4sa v\u00e5ra reservationer skulle de se att vi moderater b\u00e5de v\u00e4rnar rensk\u00f6tseln och samtidigt vill s\u00e4kerst\u00e4lla r\u00e4tten att jaga och fiska p\u00e5 statens mark f\u00f6r alla svenskar, skriver debatt\u00f6ren. Foto: Kjell-Erik Moseid<\/p>\n<p data-beyondwords-marker=\"0e855d65-cfaf-4b59-8078-920c746b23f8\">\u201dVi m\u00e5ste respektera r\u00e4ttsl\u00e4get\u201d, s\u00e4ger m\u00e5nga politiker n\u00e4r fj\u00e4lljakten kommer p\u00e5 tal. Jag kan konstatera att vi har olika syn p\u00e5 vad demokrati inneb\u00e4r.<\/p>\n<p data-beyondwords-marker=\"5bbc9fb8-99eb-4c16-bcfe-ead5738016b6\">Genom domstolspraxis, inte minst efter Girjasdomen, f\u00f6rskjuts r\u00e5digheten \u00f6ver jakt och fiske p\u00e5 statlig mark d\u00e4r rensk\u00f6tsel bedrivs fr\u00e5n staten till samebyar.<\/p>\n<p data-beyondwords-marker=\"d9de6a28-fd39-4036-8b07-7a5e6cc0a46a\">Just friheten under ansvar har varit v\u00e4gledande f\u00f6r svensk jaktpolitik. Mark\u00e4gare har tillsammans med j\u00e4gare f\u00e5tt stort f\u00f6rtroende att f\u00f6rvalta viltstammarna, s\u00e5 l\u00e4nge de tar h\u00e4nsyn till naturv\u00e4rden och bidrar till ekosystemens balans.<\/p>\n<p data-beyondwords-marker=\"7556ffa9-bedb-415f-8900-89a53aff687b\">Detta \u00e4r en ordning som <a href=\"https:\/\/svenskjakt.se\/tag\/moderaterna\/\" class=\"tag-link\" aria-label=\"Moderaterna\" rel=\"nofollow noopener\" target=\"_blank\">Moderaterna<\/a> fullt ut st\u00f6djer.<\/p>\n<blockquote class=\"wp-embedded-content\">\n<p>                                  <img decoding=\"async\" src=\"https:\/\/www.europesays.com\/se\/wp-content\/uploads\/2025\/12\/JD4W9O8HNAVXU2F-150x150.jpg\" alt=\"\u201dDags att regeringen h\u00e5ller vall\u00f6fte och f\u00f6rsvarar v\u00e5r r\u00e4tt till fj\u00e4lljakten\u201d\"\/><\/p>\n<\/blockquote>\n<p data-beyondwords-marker=\"ecc4772f-b9e1-489a-8e9e-e577b05fdf28\">P\u00e5 senare \u00e5r har vi emellertid sett en utveckling d\u00e4r domstolspraxis ers\u00e4tter demokratiska beslut. Justitiekanslern har pekat p\u00e5 problemen. Hur ska r\u00e4tteg\u00e5ngar d\u00f6ma i dessa fr\u00e5gor? Vilka bevis kr\u00e4vs? Vem har bevisb\u00f6rdan?<\/p>\n<p data-beyondwords-marker=\"b4e7a127-772b-4820-bc44-f626b8991b41\">N\u00e4r reglerna blir otydliga och makten f\u00f6rskjuts fr\u00e5n riksdagen till domstolarna f\u00f6rsv\u00e5ras jakten f\u00f6r alla de hundratusentals m\u00e4nniskor som jagar i Sverige.<\/p>\n<p data-beyondwords-marker=\"9c0423f8-ff57-4f54-896e-0357f3fdcf38\">Det \u00e4r just f\u00f6r att devisen om demokrati ska forts\u00e4tta att vara v\u00e4gledande som Moderaterna vill att politiken fattar de principiella besluten.<\/p>\n<p data-beyondwords-marker=\"9ba1fbbc-8846-43fc-b6fc-deb90ca7b2e2\">Lagstiftningen kan v\u00e4lja nya v\u00e4gar. Det \u00e4r ett verktyg som politiken har.<\/p>\n<p data-beyondwords-marker=\"27bc3f52-4afd-448c-8657-6365339518c3\">Men det kr\u00e4ver att man faktiskt anv\u00e4nder det. Att vissa i debatten f\u00f6rs\u00f6ker p\u00e5skina att detta inte \u00e4r m\u00f6jligt \u00e4r inte seri\u00f6st.<\/p>\n<p data-beyondwords-marker=\"5273d5c7-4cb8-4851-b14c-7968b6dacea4\">Det \u00e4r inte heller seri\u00f6st att h\u00e4nvisa till \u201dnuvarande ordning\u201d som urs\u00e4kt f\u00f6r att inte agera. En politisk majoritet kan f\u00f6r\u00e4ndra lagstiftningen om den leder till o\u00f6nskade resultat.<\/p>\n<p data-beyondwords-marker=\"eaaf7d17-7d37-4efd-9128-0bc9887f379f\">Hade de som nu talar om \u201drespekt f\u00f6r r\u00e4ttsl\u00e4get\u201d bem\u00f6dat sig om att l\u00e4sa v\u00e5ra reservationer skulle de se att vi moderater b\u00e5de v\u00e4rnar rensk\u00f6tseln och samtidigt vill s\u00e4kerst\u00e4lla r\u00e4tten att jaga och fiska p\u00e5 statens mark f\u00f6r alla svenskar.<\/p>\n<p data-beyondwords-marker=\"2660e0d2-f370-45f0-88f2-c49d1bf41e13\">Vi vill inte exkludera n\u00e5gon. Men grundl\u00e4ggande friheter ska inte urholkas genom domstolspraxis.<\/p>\n<p data-beyondwords-marker=\"1fb90e20-8ed2-4317-8ba0-235e1c13c702\">Det h\u00e4r handlar inte bara om fj\u00e4lljakten. Det handlar om \u00e4lgjakten i skogarna d\u00e4r jaktlag i generationer f\u00f6rvaltat viltstammarna. Det handlar om fisket i v\u00e5ra vatten.<\/p>\n<p data-beyondwords-marker=\"a447700b-71b0-48b3-be77-cb31aefcc749\">Det handlar om skogsbruket som st\u00e5r f\u00f6r en stor del av svensk export. Det handlar om gruvn\u00e4ringen och tillg\u00e5ngen till kritiska mineraler.<\/p>\n<p data-beyondwords-marker=\"e6c66c3e-c0bd-424d-8541-4e8015143704\">Allt detta p\u00e5verkas av samma f\u00f6rskjutning av r\u00e5dighet fr\u00e5n demokratin till juridiken.<\/p>\n<p data-beyondwords-marker=\"226a896a-5cd6-4fcb-b64a-5e7aa1cd9314\">Jag har under min tid i riksdagen markerat kraftigt mot de avkall p\u00e5 \u00e4gander\u00e4tten och jaktr\u00e4tten som gjorts. Jag arbetade d\u00e4rf\u00f6r h\u00e5rt f\u00f6r att Renmarkskommitt\u00e9n skulle l\u00e4ggas ner, d\u00e5 den inte tog h\u00e4nsyn till den politiska majoritetens vilja.<\/p>\n<p data-beyondwords-marker=\"a1a58385-e15b-427f-b0c3-4cb1a79509a4\">Den styvmoderliga behandlingen av svenska j\u00e4gare m\u00e5ste sluta. J\u00e4gare tar ansvar f\u00f6r viltv\u00e5rden. De bidrar till ekosystemens balans, minimerar skador p\u00e5 skog och gr\u00f6da och efters\u00f6ker skadat vilt vid trafikolyckor.<\/p>\n<p data-beyondwords-marker=\"7dfb476b-2af6-484a-8239-19a07acabba2\">Att j\u00e4gare trots detta bem\u00f6ts med misst\u00e4nksamhet och \u00f6kande regleringar \u00e4r inte rimligt.<\/p>\n<p data-beyondwords-marker=\"2587cc39-997d-4c52-820a-ddc6b73e0a6d\">Riksdagens roll \u00e4r att fatta beslut som v\u00e4rnar grundl\u00e4ggande friheter.<\/p>\n<p data-beyondwords-marker=\"a6a88d3b-1139-4c34-9d88-39b05ea84f61\">I sammanhanget ska till\u00e4ggas att r\u00e4tten att jaga och fiska p\u00e5 statens mark inte kan f\u00e5 urholkas bara f\u00f6r att domstolar genom praxis hittar nya tolkningar. Detta \u00e4r faktum fler politiker borde resonera kring och inte l\u00e4ttvindigt avf\u00e4rda.<\/p>\n<p data-beyondwords-marker=\"4048372e-6b49-4c90-b42e-985708a86c18\">Svenska j\u00e4gare och alla som lever i norra Sverige har alla f\u00f6ruts\u00e4ttningar att forts\u00e4tta f\u00f6rvalta naturen p\u00e5 ett ansvarsfullt s\u00e4tt. De m\u00f6jligheterna vill Moderaterna att Sverige ska ta. Men det kr\u00e4ver att politiken tar sitt ansvar och fattar de n\u00f6dv\u00e4ndiga besluten.<\/p>\n<p>Om skribenten<\/p>\n<p><img loading=\"lazy\" width=\"120\" height=\"145\" src=\"https:\/\/www.europesays.com\/se\/wp-content\/uploads\/2025\/12\/LHFP9X1TRAGQ2WK-120x145.jpg\" class=\"attachment-portrait size-portrait\" alt=\"\" decoding=\"async\"  \/><\/p>\n<p>John Widegren (M)  <br \/>Gruppledare f\u00f6r Moderaterna i milj\u00f6- och jordbruksutskottet<\/p>\n<p>                        Delta i debatten<\/p>\n<ul>\n<li>Skriv en debattartikel \u2013 h\u00f6gst 3 000 tecken inklusive mellanslag \u2013 och mejla den till <br \/><a href=\"https:\/\/svenskjakt.se\/opinion\/politiken-maste-fatta-beslut-om-fjalljakten\/mailto:debatt@svenskjakt.se\" rel=\"nofollow noopener\" target=\"_blank\">debatt@svenskjakt.se<\/a><\/li>\n<li>Du m\u00e5ste bifoga dina kontaktuppgifter: namn, adress, telefonnummer. Detta eftersom redaktionen m\u00e5ste veta vem du \u00e4r (kontaktuppgifter publiceras inte).<\/li>\n<li>Skribenter som skriver under med sitt riktiga namn prioriteras.<\/li>\n<li>Om du \u00f6nskar skriva under signatur ska det tydligt framg\u00e5. Du f\u00e5r inte anv\u00e4nda en signatur som \u00e4r ett riktigt personnamn, men som du inte sj\u00e4lv heter.<\/li>\n<li>Flera inf\u00f6randen av samma debatt\u00f6r i samma \u00e4mne \u00e4r aktuella om det tillf\u00f6rs nya fakta eller argument i texten.<\/li>\n<li>Svensk Jakt publicerar normalt sett inte debattinl\u00e4gg som publicerats av andra tidningar.<\/li>\n<li>Debattartiklar som skrivs i organisationers, myndigheters, politiska partiers, etc, namn m\u00e5ste ocks\u00e5 undertecknas av en f\u00f6retr\u00e4dare. <br \/>Exempel:<br \/>Fransbygdens jaktv\u00e5rdsf\u00f6rening<br \/>genom ordf\u00f6rande Kalle Karlsson<\/li>\n<\/ul>\n","protected":false},"excerpt":{"rendered":"Hade de som nu talar om \u201drespekt f\u00f6r r\u00e4ttsl\u00e4get\u201d bem\u00f6dat sig om att l\u00e4sa v\u00e5ra reservationer skulle de&hellip;\n","protected":false},"author":2,"featured_media":116634,"comment_status":"","ping_status":"","sticky":false,"template":"","format":"standard","meta":{"footnotes":""},"categories":[5],"tags":[22,23,26,27,17,21,24,25,28,29,15,16,18,34,31,33,32,30,19,20],"class_list":{"0":"post-116633","1":"post","2":"type-post","3":"status-publish","4":"format-standard","5":"has-post-thumbnail","7":"category-rubriker","8":"tag-breaking-news","9":"tag-breakingnews","10":"tag-featured-news","11":"tag-featurednews","12":"tag-headlines","13":"tag-huvudnyheter","14":"tag-latest-news","15":"tag-latestnews","16":"tag-main-news","17":"tag-mainnews","18":"tag-news","19":"tag-nyheter","20":"tag-rubriker","21":"tag-se","22":"tag-svenska","23":"tag-sverige","24":"tag-sweden","25":"tag-swedish","26":"tag-top-stories","27":"tag-topstories"},"share_on_mastodon":{"url":"https:\/\/pubeurope.com\/@se\/115780658549901949","error":""},"_links":{"self":[{"href":"https:\/\/www.europesays.com\/se\/wp-json\/wp\/v2\/posts\/116633","targetHints":{"allow":["GET"]}}],"collection":[{"href":"https:\/\/www.europesays.com\/se\/wp-json\/wp\/v2\/posts"}],"about":[{"href":"https:\/\/www.europesays.com\/se\/wp-json\/wp\/v2\/types\/post"}],"author":[{"embeddable":true,"href":"https:\/\/www.europesays.com\/se\/wp-json\/wp\/v2\/users\/2"}],"replies":[{"embeddable":true,"href":"https:\/\/www.europesays.com\/se\/wp-json\/wp\/v2\/comments?post=116633"}],"version-history":[{"count":0,"href":"https:\/\/www.europesays.com\/se\/wp-json\/wp\/v2\/posts\/116633\/revisions"}],"wp:featuredmedia":[{"embeddable":true,"href":"https:\/\/www.europesays.com\/se\/wp-json\/wp\/v2\/media\/116634"}],"wp:attachment":[{"href":"https:\/\/www.europesays.com\/se\/wp-json\/wp\/v2\/media?parent=116633"}],"wp:term":[{"taxonomy":"category","embeddable":true,"href":"https:\/\/www.europesays.com\/se\/wp-json\/wp\/v2\/categories?post=116633"},{"taxonomy":"post_tag","embeddable":true,"href":"https:\/\/www.europesays.com\/se\/wp-json\/wp\/v2\/tags?post=116633"}],"curies":[{"name":"wp","href":"https:\/\/api.w.org\/{rel}","templated":true}]}}