{"id":116635,"date":"2025-12-25T14:24:07","date_gmt":"2025-12-25T14:24:07","guid":{"rendered":"https:\/\/www.europesays.com\/se\/116635\/"},"modified":"2025-12-25T14:24:07","modified_gmt":"2025-12-25T14:24:07","slug":"klart-haynes-tar-over-afc-malmo","status":"publish","type":"post","link":"https:\/\/www.europesays.com\/se\/116635\/","title":{"rendered":"Klart: Haynes tar \u00f6ver AFC Malm\u00f6"},"content":{"rendered":"<p><strong>Kort efter avskedet fr\u00e5n Trelleborgs FF st\u00e5r det klart att Kristian Haynes \u00e4r tillbaka i tr\u00e4narrollen.<br \/>45-\u00e5ringen tar \u00f6ver som huvudtr\u00e4nare f\u00f6r AFC Malm\u00f6.<\/strong><\/p>\n<p>I f\u00f6rrg\u00e5r meddelade <a href=\"https:\/\/fotbolldirekt.se\/klubb\/trelleborgs-ff\/\" rel=\"nofollow noopener\" target=\"_blank\">Trelleborgs FF<\/a> att Kristian Haynes l\u00e4mnar klubben. Nu har han presenterats som ny huvudtr\u00e4nare f\u00f6r AFC Malm\u00f6, som bekr\u00e4ftar rekryteringen p\u00e5 sin officiella hemsida.<\/p>\n<p>Haynes har en l\u00e5ng historia i Trelleborgs FF. Som spelare gjorde han tre sejourer i klubben. Han har varit huvudtr\u00e4nare f\u00f6r seniorlaget i tv\u00e5 omg\u00e5ngar samt arbetat inom ungdomsverksamheten. <\/p>\n<p>S\u00e5 sent som i juni i \u00e5r tog Haynes \u00f6ver som huvudtr\u00e4nare f\u00f6r Trelleborgs A-lag. S\u00e4songen slutade dock med en 15:e plats i Superettan, vilket inneb\u00e4r att klubben spelar i Ettan S\u00f6dra n\u00e4sta \u00e5r.<strong> Kort d\u00e4refter stod det klart att parterna g\u00e5r skilda v\u00e4gar.<\/strong><\/p>\n<p>Nu v\u00e4ntar i st\u00e4llet ett nytt uppdrag i Malm\u00f6. Haynes sj\u00e4lv beskriver valet av AFC Malm\u00f6:<\/p>\n<p><strong>\u2013 Jag drivs av utmaningar. Redan fr\u00e5n f\u00f6rsta m\u00f6tet s\u00e5g jag m\u00e4nniskor d\u00e4r det lyser i \u00f6gonen, och d\u00e4r det finns en solklar vision och ambition att ta sig till svensk elitfotboll<\/strong>. Jag hoppas verkligen kunna hj\u00e4lpa AFC att uppfylla sin m\u00e5ls\u00e4ttning, s\u00e4ger han till klubbens hemsida.<\/p>\n","protected":false},"excerpt":{"rendered":"Kort efter avskedet fr\u00e5n Trelleborgs FF st\u00e5r det klart att Kristian Haynes \u00e4r tillbaka i tr\u00e4narrollen.45-\u00e5ringen tar \u00f6ver&hellip;\n","protected":false},"author":2,"featured_media":116636,"comment_status":"","ping_status":"","sticky":false,"template":"","format":"standard","meta":{"footnotes":""},"categories":[68],"tags":[34,411,111,110,31,33,32,30],"class_list":{"0":"post-116635","1":"post","2":"type-post","3":"status-publish","4":"format-standard","5":"has-post-thumbnail","7":"category-sport","8":"tag-se","9":"tag-senaste-nytt","10":"tag-sport","11":"tag-sports","12":"tag-svenska","13":"tag-sverige","14":"tag-sweden","15":"tag-swedish"},"share_on_mastodon":{"url":"https:\/\/pubeurope.com\/@se\/115780666414432329","error":""},"_links":{"self":[{"href":"https:\/\/www.europesays.com\/se\/wp-json\/wp\/v2\/posts\/116635","targetHints":{"allow":["GET"]}}],"collection":[{"href":"https:\/\/www.europesays.com\/se\/wp-json\/wp\/v2\/posts"}],"about":[{"href":"https:\/\/www.europesays.com\/se\/wp-json\/wp\/v2\/types\/post"}],"author":[{"embeddable":true,"href":"https:\/\/www.europesays.com\/se\/wp-json\/wp\/v2\/users\/2"}],"replies":[{"embeddable":true,"href":"https:\/\/www.europesays.com\/se\/wp-json\/wp\/v2\/comments?post=116635"}],"version-history":[{"count":0,"href":"https:\/\/www.europesays.com\/se\/wp-json\/wp\/v2\/posts\/116635\/revisions"}],"wp:featuredmedia":[{"embeddable":true,"href":"https:\/\/www.europesays.com\/se\/wp-json\/wp\/v2\/media\/116636"}],"wp:attachment":[{"href":"https:\/\/www.europesays.com\/se\/wp-json\/wp\/v2\/media?parent=116635"}],"wp:term":[{"taxonomy":"category","embeddable":true,"href":"https:\/\/www.europesays.com\/se\/wp-json\/wp\/v2\/categories?post=116635"},{"taxonomy":"post_tag","embeddable":true,"href":"https:\/\/www.europesays.com\/se\/wp-json\/wp\/v2\/tags?post=116635"}],"curies":[{"name":"wp","href":"https:\/\/api.w.org\/{rel}","templated":true}]}}