{"id":116637,"date":"2025-12-25T14:25:59","date_gmt":"2025-12-25T14:25:59","guid":{"rendered":"https:\/\/www.europesays.com\/se\/116637\/"},"modified":"2025-12-25T14:25:59","modified_gmt":"2025-12-25T14:25:59","slug":"har-kan-jag-bara-vara-tony-norrtelje-tidning","status":"publish","type":"post","link":"https:\/\/www.europesays.com\/se\/116637\/","title":{"rendered":"\u201dH\u00e4r kan jag bara vara Tony\u201d \u2013 Norrtelje Tidning"},"content":{"rendered":"<p>Han \u00e4r Sveriges st\u00f6rsta dansprofil och han blev en superk\u00e4ndis i TV 4-programmet Let&#8217;s dance som dess tuffa domare.<\/p>\n<p>Sedan 2014 bor Tony Irving, 59, i Norrt\u00e4lje med sin make Alexander.<\/p>\n<p>\u2013 Norrt\u00e4lje \u2013 det \u00e4r hem f\u00f6r mig. H\u00e4r kan jag bara vara Tony, s\u00e4ger han.<\/p>\n<p>Tony Irving v\u00e4xte upp i England i byn Ainsworth, en timme norr om Manchester.<\/p>\n<p>\u2013 Det var en liten lantlig by, jag v\u00e4xte upp med b\u00e5de hund och h\u00e4st, ber\u00e4ttar Tony Irving om barndomen n\u00e4r vi tr\u00e4ffas i hans hem i Norrt\u00e4lje.<\/p>\n<p><strong>N\u00e4r han var 16<\/strong> \u00e5r flyttade han till London f\u00f6r att dansa. Sedan blev det Los Angeles, San Diego och San Francisco.<\/p>\n<p>\u2013 Det skulle vara sex m\u00e5nader, men det blev tio \u00e5r, s\u00e4ger Tony.<\/p>\n<p><img decoding=\"async\" width=\"640\" height=\"427\" class=\"article-image article-image--unbound\" alt=\"Tony Irving \u2013 domare, dansare, f\u00f6rel\u00e4sare \u2013 allt i dansens tecken.\" src=\"https:\/\/www.europesays.com\/se\/wp-content\/uploads\/2025\/12\/1b6eb3cb-a0ec-4036-9766-49b36076de93.jpg\"   loading=\"lazy\"\/><a class=\"article__lightbox-link\" href=\"https:\/\/static.bonniernews.se\/ba\/1b6eb3cb-a0ec-4036-9766-49b36076de93.jpg?width=1400&amp;format=pjpg&amp;auto=avif\" data-pswp-width=\"1400\" data-pswp-height=\"934\" data-pswp-caption=\"Tony Irving \u2013 domare, dansare, f\u00f6rel\u00e4sare \u2013 allt i dansens tecken. Bild: Tobias Stahl\" data-pswp- rel=\"nofollow noopener\" target=\"_blank\">\u00d6ppna bild i helsk\u00e4rmsl\u00e4ge<\/a><\/p>\n<p class=\"txt-style-muted\" aria-hidden=\"true\">Tony Irving \u2013 domare, dansare, f\u00f6rel\u00e4sare \u2013 allt i dansens tecken.<\/p>\n<p class=\"article__figcaption-attribution txt-style-muted\">Bild: Tobias Stahl<\/p>\n<p>Dr\u00f6mmen var egentligen att bli kock, men ist\u00e4llet blev det dansen som tog honom runt i v\u00e4rlden. Han upptr\u00e4dde som showdansare, var med i musikaler, och dansade med artister.<\/p>\n<p aria-disabled=\"true\" class=\"ad__preamble ad-text txt-style-muted txt-ui txt-ui--strong txt-ui-2\">Annons<\/p>\n<p>Han utbildade sig till tr\u00e4nare och domare p\u00e5 1980-talet, och 1993 blev han inbjuden till att d\u00f6ma i Sverige p\u00e5 ett SM. D\u00e4refter fick han flera inbjudningar fr\u00e5n klubbar att g\u00e4sttr\u00e4na. Tre \u00e5r senare flyttade han till Sverige f\u00f6r gott.<\/p>\n<p aria-disabled=\"true\" class=\"ad__preamble ad-text txt-style-muted txt-ui txt-ui--strong txt-ui-2\">Annons<\/p>\n<p><strong>I b\u00f6rjan p\u00e5<\/strong> 2000-talet hade TV4 planer p\u00e5 att g\u00f6ra ett dansprogram. Man tog in expertis f\u00f6r att planera programmet. Man tog in den som kunde mest om dans \u2013 Tony Irving.<\/p>\n<p>\u2013 Jag jobbade med produktionen, men pl\u00f6tsligt blev jag insl\u00e4ngd som domare, s\u00e4ger Tony.<\/p>\n<p>\u2013 Let&#8217;s dance blev en plattform att synas p\u00e5. Let\u00b4s dance har f\u00f6r\u00e4ndrat folkets syn p\u00e5 dans. Idag dansar tre miljoner svenskar. Dans \u00e4r en ekonomiskt fattig idrott, som ofta hamnar i skuggan av stora lagidrotter s\u00e5som fotboll och hockey.<\/p>\n<p><strong>Idag arbetar<\/strong> Tony bland annat f\u00f6r Svenska Danssportf\u00f6rbundet f\u00f6r att han vill f\u00f6ra ut budskapet att dans \u00e4r en kul sport.<\/p>\n<p><img decoding=\"async\" width=\"640\" height=\"427\" class=\"article-image article-image--unbound\" alt=\"Hemma i Norrt\u00e4lje hos Tony Irving \u00e4r det pyntat till advent.\" src=\"https:\/\/www.europesays.com\/se\/wp-content\/uploads\/2025\/12\/cfb272dd-6121-473e-9c9e-edf650aa43b7.jpg\"   loading=\"lazy\"\/><a class=\"article__lightbox-link\" href=\"https:\/\/static.bonniernews.se\/ba\/cfb272dd-6121-473e-9c9e-edf650aa43b7.jpg?width=1400&amp;format=pjpg&amp;auto=avif\" data-pswp-width=\"1400\" data-pswp-height=\"934\" data-pswp-caption=\"Hemma i Norrt\u00e4lje hos Tony Irving \u00e4r det pyntat till advent. Bild: Tobias Stahl\" data-pswp- rel=\"nofollow noopener\" target=\"_blank\">\u00d6ppna bild i helsk\u00e4rmsl\u00e4ge<\/a><\/p>\n<p class=\"txt-style-muted\" aria-hidden=\"true\">Hemma i Norrt\u00e4lje hos Tony Irving \u00e4r det pyntat till advent.<\/p>\n<p class=\"article__figcaption-attribution txt-style-muted\">Bild: Tobias Stahl<\/p>\n<p>\u2013 Tyv\u00e4rr har vi ingen enhetlig organisation och vi har inget enhetligt ansikte ut\u00e5t. Men Let&#8217;s dance har f\u00e5tt ungdomar att uppt\u00e4cka dansen.<\/p>\n<p><strong>Du \u00e4r ganska tuff i din bed\u00f6mning av dansarna, man kan n\u00e4stan s\u00e4ga att du \u00e4r elak ibland. \u00c4r du elak?<\/strong><\/p>\n<p>\u2013 Jag \u00e4r inte elak, jag \u00e4r rak. Jag g\u00f6r p\u00e5 det brittiska s\u00e4ttet, river av pl\u00e5stret, s\u00e4ger Tony.<\/p>\n<p><strong>2010 drabbades<\/strong> han av en stor motg\u00e5ng. Tonys manager t\u00f6mde hans konto p\u00e5 13 miljoner kronor och han blev heml\u00f6s.<\/p>\n<p><img decoding=\"async\" width=\"640\" height=\"960\" class=\"article-image article-image--unbound\" alt=\"M\u00e5nga har s\u00e4kert tr\u00e4ffat p\u00e5 Tony Irving n\u00e4r han varit ute p\u00e5 promenad med hunden Felix.\" src=\"https:\/\/www.europesays.com\/se\/wp-content\/uploads\/2025\/12\/83e63d46-b299-4741-98f5-10cde4d4cbf4.jpg\"   loading=\"lazy\"\/><a class=\"article__lightbox-link\" href=\"https:\/\/static.bonniernews.se\/ba\/83e63d46-b299-4741-98f5-10cde4d4cbf4.jpg?width=1400&amp;format=pjpg&amp;auto=avif\" data-pswp-width=\"1400\" data-pswp-height=\"2099\" data-pswp-caption=\"M\u00e5nga har s\u00e4kert tr\u00e4ffat p\u00e5 Tony Irving n\u00e4r han varit ute p\u00e5 promenad med hunden Felix. Bild: Tobias Stahl\" data-pswp- rel=\"nofollow noopener\" target=\"_blank\">\u00d6ppna bild i helsk\u00e4rmsl\u00e4ge<\/a><\/p>\n<p class=\"txt-style-muted\" aria-hidden=\"true\">M\u00e5nga har s\u00e4kert tr\u00e4ffat p\u00e5 Tony Irving n\u00e4r han varit ute p\u00e5 promenad med hunden Felix.<\/p>\n<p class=\"article__figcaption-attribution txt-style-muted\">Bild: Tobias Stahl<\/p>\n<p aria-disabled=\"true\" class=\"ad__preamble ad-text txt-style-muted txt-ui txt-ui--strong txt-ui-2\">Annons<\/p>\n<p>\u2013 Det tog mig tv\u00e5 \u00e5r att komma p\u00e5 f\u00f6tter. Jag sov p\u00e5 soffan hos en god v\u00e4n under den tiden.<\/p>\n<p aria-disabled=\"true\" class=\"ad__preamble ad-text txt-style-muted txt-ui txt-ui--strong txt-ui-2\">Annons<\/p>\n<p>2012 hade han bokat in sig p\u00e5 ett hotell i Stockholm. Han hade bott d\u00e4r tidigare, men den h\u00e4r g\u00e5ngen blev vistelsen inte av.<\/p>\n<p><strong>S\u00e5 n\u00e4sta g\u00e5ng<\/strong> han kom dit fick han en rej\u00e4l utsk\u00e4llning av en i hotellpersonalen.<\/p>\n<p>\u2013 Jag t\u00e4nkte att det var en kille med skinn p\u00e5 n\u00e4san, \u00e4r han b\u00f6g kanske, fr\u00e5gade sig Tony Irving.<\/p>\n<p><img decoding=\"async\" width=\"640\" height=\"320\" class=\"article-image article-image--unbound\" alt=\"2020 kom snickaren Anders \u00d6fverg\u00e5rd hem till Tony Irving och hans sambo Alexander Ski\u00f6ldsparr. Foto: Hampus Helin\/TV4\" src=\"https:\/\/www.europesays.com\/se\/wp-content\/uploads\/2025\/12\/96c9f36b-d661-4287-a0b1-c428341f6613.jpeg\"   loading=\"lazy\"\/><a class=\"article__lightbox-link\" href=\"https:\/\/static.bonniernews.se\/ba\/96c9f36b-d661-4287-a0b1-c428341f6613.jpeg?width=1400&amp;format=pjpg&amp;auto=avif\" data-pswp-width=\"1400\" data-pswp-height=\"700\" data-pswp-caption=\"2020 kom snickaren Anders \u00d6fverg\u00e5rd hem till Tony Irving och hans sambo Alexander Ski\u00f6ldsparr. Foto: Hampus Helin\/TV4\" data-pswp- rel=\"nofollow noopener\" target=\"_blank\">\u00d6ppna bild i helsk\u00e4rmsl\u00e4ge<\/a><\/p>\n<p class=\"txt-style-muted\" aria-hidden=\"true\">2020 kom snickaren Anders \u00d6fverg\u00e5rd hem till Tony Irving och hans sambo Alexander Ski\u00f6ldsparr. Foto: Hampus Helin\/TV4<\/p>\n<p>Han hade nu m\u00f6tt Alexander som han g\u00e4rna ville g\u00e5 p\u00e5 date med. Men Alexander var lite motstr\u00e4vig i b\u00f6rjan, men till slut blev det en date och senare blev de ett par.<\/p>\n<p>2014 f\u00f6rlovade de sig och 2015 gifte de sig.<\/p>\n<p>\u2013 Alex \u00e4r en typisk rospigg, han v\u00e4xte upp p\u00e5 R\u00e5dmans\u00f6 och i Kvisthamra, ber\u00e4ttar Tony.<\/p>\n<p><strong>S\u00e5 n\u00e4r de skulle<\/strong> flytta ihop s\u00e5 var valet enkelt: det blev Norrt\u00e4lje. Tony tog sitt pick och pack fr\u00e5n Nyk\u00f6ping och hamnade i Roslagen.<\/p>\n<p><img decoding=\"async\" width=\"640\" height=\"427\" class=\"article-image article-image--unbound\" alt=\"2025 fick Tony Irving Dansbandsbranschens jurys specialpris Guldklaven.\" src=\"https:\/\/www.europesays.com\/se\/wp-content\/uploads\/2025\/12\/1279b978-58cf-46c1-b89f-c9594feebb12.jpg\"   loading=\"lazy\"\/><a class=\"article__lightbox-link\" href=\"https:\/\/static.bonniernews.se\/ba\/1279b978-58cf-46c1-b89f-c9594feebb12.jpg?width=1400&amp;format=pjpg&amp;auto=avif\" data-pswp-width=\"1400\" data-pswp-height=\"934\" data-pswp-caption=\"2025 fick Tony Irving Dansbandsbranschens jurys specialpris Guldklaven. Bild: Tobias Stahl\" data-pswp- rel=\"nofollow noopener\" target=\"_blank\">\u00d6ppna bild i helsk\u00e4rmsl\u00e4ge<\/a><\/p>\n<p class=\"txt-style-muted\" aria-hidden=\"true\">2025 fick Tony Irving Dansbandsbranschens jurys specialpris Guldklaven.<\/p>\n<p class=\"article__figcaption-attribution txt-style-muted\">Bild: Tobias Stahl<\/p>\n<p>Nu \u00e4r han bofast och kallar Norrt\u00e4lje f\u00f6r sitt hem. Men han s\u00e4ger att det var tufft till en b\u00f6rjan att komma till en ny stad.<\/p>\n<p>\u2013 Det var frustrerande, jag k\u00e4nde ingen. Det var inte l\u00e4tt. Men Norrt\u00e4lje k\u00e4nns som d\u00e4r jag har vuxit upp. Nu \u00e4r det mitt hem, s\u00e4ger Tony.<\/p>\n<p><strong>Tony har<\/strong> dragit ig\u00e5ng Roslagens dansklubb i Norrt\u00e4lje, d\u00e4r han har undervisning \u00e5tta timmar i veckan f\u00f6r de som vill. Han jobbar ocks\u00e5 p\u00e5 danskryssningar och h\u00e5ller f\u00f6rel\u00e4sningar.<\/p>\n<p aria-disabled=\"true\" class=\"ad__preamble ad-text txt-style-muted txt-ui txt-ui--strong txt-ui-2\">Annons<\/p>\n<p><img decoding=\"async\" width=\"640\" height=\"960\" class=\"article-image article-image--unbound\" alt=\"\u2013 Norrt\u00e4lje k\u00e4nns som d\u00e4r jag vuxit upp, s\u00e4ger Tony Irving.\" src=\"https:\/\/www.europesays.com\/se\/wp-content\/uploads\/2025\/12\/58885161-d381-47ae-be9c-6410a036c420.jpg\"   loading=\"lazy\"\/><a class=\"article__lightbox-link\" href=\"https:\/\/static.bonniernews.se\/ba\/58885161-d381-47ae-be9c-6410a036c420.jpg?width=1400&amp;format=pjpg&amp;auto=avif\" data-pswp-width=\"1400\" data-pswp-height=\"2100\" data-pswp-caption=\"\u2013 Norrt\u00e4lje k\u00e4nns som d\u00e4r jag vuxit upp, s\u00e4ger Tony Irving. Bild: Tobias Stahl\" data-pswp- rel=\"nofollow noopener\" target=\"_blank\">\u00d6ppna bild i helsk\u00e4rmsl\u00e4ge<\/a><\/p>\n<p class=\"txt-style-muted\" aria-hidden=\"true\">\u2013 Norrt\u00e4lje k\u00e4nns som d\u00e4r jag vuxit upp, s\u00e4ger Tony Irving.<\/p>\n<p class=\"article__figcaption-attribution txt-style-muted\">Bild: Tobias Stahl<\/p>\n<p aria-disabled=\"true\" class=\"ad__preamble ad-text txt-style-muted txt-ui txt-ui--strong txt-ui-2\">Annons<\/p>\n<p>Han \u00e5ker ocks\u00e5 runt i landet och h\u00e5ller i danstr\u00e4ningar. Han brukar vara med p\u00e5 Dansbandsveckan i Malung. <\/p>\n<p>Under \u00e5rets upplaga av galan Guldklaven, som arrangeras av Svenska Dansbandsveckan i Malung, fick Tony ta mot Juryns specialpris och hyllades som ambassad\u00f6r f\u00f6r pardansens utveckling de senaste 20 \u00e5ren. <br \/>\u201dHan har starkt bidragit till att dansen \u00e5terigen har blivit ett av v\u00e5ra st\u00f6rsta folkn\u00f6jen och han lockar svenska folket till dans \u2013 b\u00e5de p\u00e5 dansbanan, p\u00e5 danskurser och framf\u00f6r tv:n i v\u00e5ra vardagsrum,\u201d skrev juryn i sin motivering.<\/p>\n<p><img decoding=\"async\" width=\"640\" height=\"427\" class=\"article-image article-image--unbound\" alt=\"Juryn best\u00e5ende av Eric Saade, Taya Shawki och Tony Irving under &quot;Let's dance&quot; v\u00e5ren 2025.&#10;\" src=\"https:\/\/www.europesays.com\/se\/wp-content\/uploads\/2025\/12\/705071ee-df52-4017-b07e-868530eb39b5.jpeg\"   loading=\"lazy\"\/><a class=\"article__lightbox-link\" href=\"https:\/\/static.bonniernews.se\/ba\/705071ee-df52-4017-b07e-868530eb39b5.jpeg?width=1400&amp;format=pjpg&amp;auto=avif\" data-pswp-width=\"1400\" data-pswp-height=\"933\" data-pswp-caption=\"Juryn best\u00e5ende av Eric Saade, Taya Shawki och Tony Irving under &quot;Let&#039;s dance&quot; v\u00e5ren 2025.&#010; Bild: Claudio Bresciani\/TT\" data-pswp- rel=\"nofollow noopener\" target=\"_blank\">\u00d6ppna bild i helsk\u00e4rmsl\u00e4ge<\/a><\/p>\n<p class=\"txt-style-muted\" aria-hidden=\"true\">Juryn best\u00e5ende av Eric Saade, Taya Shawki och Tony Irving under &#8221;Let&#8217;s dance&#8221; v\u00e5ren 2025.\n<\/p>\n<p class=\"article__figcaption-attribution txt-style-muted\">Bild: Claudio Bresciani\/TT<\/p>\n<p><img decoding=\"async\" width=\"640\" height=\"427\" class=\"article-image article-image--unbound\" alt=\"59-\u00e5rige Tony Irving brinner f\u00f6r dansen.\" src=\"https:\/\/www.europesays.com\/se\/wp-content\/uploads\/2025\/12\/d6eec13e-4246-4290-8349-98e1fc888a37.jpg\"   loading=\"lazy\"\/><a class=\"article__lightbox-link\" href=\"https:\/\/static.bonniernews.se\/ba\/d6eec13e-4246-4290-8349-98e1fc888a37.jpg?width=1400&amp;format=pjpg&amp;auto=avif\" data-pswp-width=\"1400\" data-pswp-height=\"934\" data-pswp-caption=\"59-\u00e5rige Tony Irving brinner f\u00f6r dansen. Bild: Tobias Stahl\" data-pswp- rel=\"nofollow noopener\" target=\"_blank\">\u00d6ppna bild i helsk\u00e4rmsl\u00e4ge<\/a><\/p>\n<p class=\"txt-style-muted\" aria-hidden=\"true\">59-\u00e5rige Tony Irving brinner f\u00f6r dansen.<\/p>\n<p class=\"article__figcaption-attribution txt-style-muted\">Bild: Tobias Stahl<\/p>\n<p>Let&#8217;s dance \u00e4r pausat just nu, men det har spekulerats i att programmet kanske kan komma tillbaka 2027.<\/p>\n<p>\u2013 Om jag \u00e4r kvar d\u00e5 vet jag inte, s\u00e4ger Tony.<\/p>\n<p>Just nu \u00e4r han aktuell f\u00f6r ett annat program i en annan kanal, men det \u00e4r \u00e4n s\u00e5 l\u00e4nge hemligt vad det blir.<\/p>\n<p><strong>Vad g\u00f6r du n\u00e4r du \u00e4r 75?<\/strong><\/p>\n<p>\u2013 Samma sak som jag g\u00f6r idag. S\u00e5 l\u00e4nge folk vill ha mig s\u00e5 kommer jag att jobba, men kanske inte 100 procent.<\/p>\n<p><strong>Hur k\u00e4nns det att vara en superk\u00e4ndis?<\/strong><\/p>\n<p>\u2013 K\u00e4ndis \u00e4r bara ett luftslott, s\u00e4ger Tony Irving.<\/p>\n<p><img decoding=\"async\" width=\"640\" height=\"960\" class=\"article-image article-image--unbound\" alt=\"Engelsmannen Tony Irving \u00e4r k\u00e4nd dansprofil. Han bosatte sig i Sverige 1996.\" src=\"https:\/\/www.europesays.com\/se\/wp-content\/uploads\/2025\/12\/62a936ce-e78c-44a0-9f70-6d0dbf6a96df.jpg\"   loading=\"lazy\"\/><a class=\"article__lightbox-link\" href=\"https:\/\/static.bonniernews.se\/ba\/62a936ce-e78c-44a0-9f70-6d0dbf6a96df.jpg?width=1400&amp;format=pjpg&amp;auto=avif\" data-pswp-width=\"1400\" data-pswp-height=\"2099\" data-pswp-caption=\"Engelsmannen Tony Irving \u00e4r k\u00e4nd dansprofil. Han bosatte sig i Sverige 1996. Bild: Tobias Stahl\" data-pswp- rel=\"nofollow noopener\" target=\"_blank\">\u00d6ppna bild i helsk\u00e4rmsl\u00e4ge<\/a><\/p>\n<p class=\"txt-style-muted\" aria-hidden=\"true\">Engelsmannen Tony Irving \u00e4r k\u00e4nd dansprofil. Han bosatte sig i Sverige 1996.<\/p>\n<p class=\"article__figcaption-attribution txt-style-muted\">Bild: Tobias Stahl<\/p>\n","protected":false},"excerpt":{"rendered":"Han \u00e4r Sveriges st\u00f6rsta dansprofil och han blev en superk\u00e4ndis i TV 4-programmet Let&#8217;s dance som dess tuffa&hellip;\n","protected":false},"author":2,"featured_media":116638,"comment_status":"","ping_status":"","sticky":false,"template":"","format":"standard","meta":{"footnotes":""},"categories":[67],"tags":[104,34,31,33,32,30,105],"class_list":{"0":"post-116637","1":"post","2":"type-post","3":"status-publish","4":"format-standard","5":"has-post-thumbnail","7":"category-underhallning","8":"tag-entertainment","9":"tag-se","10":"tag-svenska","11":"tag-sverige","12":"tag-sweden","13":"tag-swedish","14":"tag-underhallning"},"share_on_mastodon":{"url":"https:\/\/pubeurope.com\/@se\/115780674470336723","error":""},"_links":{"self":[{"href":"https:\/\/www.europesays.com\/se\/wp-json\/wp\/v2\/posts\/116637","targetHints":{"allow":["GET"]}}],"collection":[{"href":"https:\/\/www.europesays.com\/se\/wp-json\/wp\/v2\/posts"}],"about":[{"href":"https:\/\/www.europesays.com\/se\/wp-json\/wp\/v2\/types\/post"}],"author":[{"embeddable":true,"href":"https:\/\/www.europesays.com\/se\/wp-json\/wp\/v2\/users\/2"}],"replies":[{"embeddable":true,"href":"https:\/\/www.europesays.com\/se\/wp-json\/wp\/v2\/comments?post=116637"}],"version-history":[{"count":0,"href":"https:\/\/www.europesays.com\/se\/wp-json\/wp\/v2\/posts\/116637\/revisions"}],"wp:featuredmedia":[{"embeddable":true,"href":"https:\/\/www.europesays.com\/se\/wp-json\/wp\/v2\/media\/116638"}],"wp:attachment":[{"href":"https:\/\/www.europesays.com\/se\/wp-json\/wp\/v2\/media?parent=116637"}],"wp:term":[{"taxonomy":"category","embeddable":true,"href":"https:\/\/www.europesays.com\/se\/wp-json\/wp\/v2\/categories?post=116637"},{"taxonomy":"post_tag","embeddable":true,"href":"https:\/\/www.europesays.com\/se\/wp-json\/wp\/v2\/tags?post=116637"}],"curies":[{"name":"wp","href":"https:\/\/api.w.org\/{rel}","templated":true}]}}