{"id":116639,"date":"2025-12-25T14:28:43","date_gmt":"2025-12-25T14:28:43","guid":{"rendered":"https:\/\/www.europesays.com\/se\/116639\/"},"modified":"2025-12-25T14:28:43","modified_gmt":"2025-12-25T14:28:43","slug":"standiga-reor-tappar-kraft-pa-elgiganten","status":"publish","type":"post","link":"https:\/\/www.europesays.com\/se\/116639\/","title":{"rendered":"St\u00e4ndiga reor tappar kraft p\u00e5 Elgiganten"},"content":{"rendered":"<p>Det \u00e4r lugnt inne p\u00e5 Elgiganten trots p\u00e5g\u00e5ende mellandagsrea. En butiksanst\u00e4lld ber\u00e4ttar att de \u00f6ppnade redan klockan 8, men att det var glest med kunder under morgonen. F\u00f6rst nu, vid 11-tiden, m\u00e4rks det att folk har vaknat till.\u00a0Black Friday, Black Week, Cyber Monday och kampanjer som avl\u00f6ser varandra. F\u00f6r m\u00e5nga kunder har rean blivit ett konstant inslag snarare \u00e4n n<\/p>\n","protected":false},"excerpt":{"rendered":"Det \u00e4r lugnt inne p\u00e5 Elgiganten trots p\u00e5g\u00e5ende mellandagsrea. En butiksanst\u00e4lld ber\u00e4ttar att de \u00f6ppnade redan klockan 8,&hellip;\n","protected":false},"author":2,"featured_media":116640,"comment_status":"","ping_status":"","sticky":false,"template":"","format":"standard","meta":{"footnotes":""},"categories":[65],"tags":[72,70,71,34,31,33,32,30],"class_list":{"0":"post-116639","1":"post","2":"type-post","3":"status-publish","4":"format-standard","5":"has-post-thumbnail","7":"category-ekonomi","8":"tag-business","9":"tag-economy","10":"tag-ekonomi","11":"tag-se","12":"tag-svenska","13":"tag-sverige","14":"tag-sweden","15":"tag-swedish"},"share_on_mastodon":{"url":"https:\/\/pubeurope.com\/@se\/115780681938437755","error":""},"_links":{"self":[{"href":"https:\/\/www.europesays.com\/se\/wp-json\/wp\/v2\/posts\/116639","targetHints":{"allow":["GET"]}}],"collection":[{"href":"https:\/\/www.europesays.com\/se\/wp-json\/wp\/v2\/posts"}],"about":[{"href":"https:\/\/www.europesays.com\/se\/wp-json\/wp\/v2\/types\/post"}],"author":[{"embeddable":true,"href":"https:\/\/www.europesays.com\/se\/wp-json\/wp\/v2\/users\/2"}],"replies":[{"embeddable":true,"href":"https:\/\/www.europesays.com\/se\/wp-json\/wp\/v2\/comments?post=116639"}],"version-history":[{"count":0,"href":"https:\/\/www.europesays.com\/se\/wp-json\/wp\/v2\/posts\/116639\/revisions"}],"wp:featuredmedia":[{"embeddable":true,"href":"https:\/\/www.europesays.com\/se\/wp-json\/wp\/v2\/media\/116640"}],"wp:attachment":[{"href":"https:\/\/www.europesays.com\/se\/wp-json\/wp\/v2\/media?parent=116639"}],"wp:term":[{"taxonomy":"category","embeddable":true,"href":"https:\/\/www.europesays.com\/se\/wp-json\/wp\/v2\/categories?post=116639"},{"taxonomy":"post_tag","embeddable":true,"href":"https:\/\/www.europesays.com\/se\/wp-json\/wp\/v2\/tags?post=116639"}],"curies":[{"name":"wp","href":"https:\/\/api.w.org\/{rel}","templated":true}]}}