{"id":116653,"date":"2025-12-25T15:03:27","date_gmt":"2025-12-25T15:03:27","guid":{"rendered":"https:\/\/www.europesays.com\/se\/116653\/"},"modified":"2025-12-25T15:03:27","modified_gmt":"2025-12-25T15:03:27","slug":"tre-doda-i-explosion-i-moskva","status":"publish","type":"post","link":"https:\/\/www.europesays.com\/se\/116653\/","title":{"rendered":"Tre d\u00f6da i explosion i Moskva"},"content":{"rendered":"<p>Enligt AFP var poliserna i f\u00e4rd med att stoppa en \u201dmisst\u00e4nkt person\u201d som befann sig n\u00e4ra deras tj\u00e4nstebil d\u00e5 \u201den spr\u00e4ngladdning utl\u00f6stes\u201d.<\/p>\n<p>H\u00e4ndelsen intr\u00e4ffade i n\u00e4rheten av platsen d\u00e4r en rysk general d\u00f6dades i ett attentat tidigare i veckan.<\/p>\n<p>Det finns \u00e4nnu inga uppgifter om vem som ligger bakom explosionen.<\/p>\n<p>Sedan Ryssland anf\u00f6ll Ukraina i februari 2022 har Kiev anklagats flera g\u00e5nger f\u00f6r att ligga bakom attacker mot ryska milit\u00e4rer och Kremltrogna personer, b\u00e5da inom Ryssland och i de ockuperade delarna av Ukraina.<\/p>\n<p>Ukraina har tagit p\u00e5 sig ett par av attackerna, men har inte kommenterat nattens explosion.<\/p>\n","protected":false},"excerpt":{"rendered":"Enligt AFP var poliserna i f\u00e4rd med att stoppa en \u201dmisst\u00e4nkt person\u201d som befann sig n\u00e4ra deras tj\u00e4nstebil&hellip;\n","protected":false},"author":2,"featured_media":116654,"comment_status":"","ping_status":"","sticky":false,"template":"","format":"standard","meta":{"footnotes":""},"categories":[14],"tags":[22,23,26,27,17,21,24,25,28,29,15,16,18,34,31,33,32,30,19,20,51,52,53,54],"class_list":{"0":"post-116653","1":"post","2":"type-post","3":"status-publish","4":"format-standard","5":"has-post-thumbnail","7":"category-varlden","8":"tag-breaking-news","9":"tag-breakingnews","10":"tag-featured-news","11":"tag-featurednews","12":"tag-headlines","13":"tag-huvudnyheter","14":"tag-latest-news","15":"tag-latestnews","16":"tag-main-news","17":"tag-mainnews","18":"tag-news","19":"tag-nyheter","20":"tag-rubriker","21":"tag-se","22":"tag-svenska","23":"tag-sverige","24":"tag-sweden","25":"tag-swedish","26":"tag-top-stories","27":"tag-topstories","28":"tag-varlden","29":"tag-world","30":"tag-world-news","31":"tag-worldnews"},"share_on_mastodon":{"url":"https:\/\/pubeurope.com\/@se\/115780819536592364","error":""},"_links":{"self":[{"href":"https:\/\/www.europesays.com\/se\/wp-json\/wp\/v2\/posts\/116653","targetHints":{"allow":["GET"]}}],"collection":[{"href":"https:\/\/www.europesays.com\/se\/wp-json\/wp\/v2\/posts"}],"about":[{"href":"https:\/\/www.europesays.com\/se\/wp-json\/wp\/v2\/types\/post"}],"author":[{"embeddable":true,"href":"https:\/\/www.europesays.com\/se\/wp-json\/wp\/v2\/users\/2"}],"replies":[{"embeddable":true,"href":"https:\/\/www.europesays.com\/se\/wp-json\/wp\/v2\/comments?post=116653"}],"version-history":[{"count":0,"href":"https:\/\/www.europesays.com\/se\/wp-json\/wp\/v2\/posts\/116653\/revisions"}],"wp:featuredmedia":[{"embeddable":true,"href":"https:\/\/www.europesays.com\/se\/wp-json\/wp\/v2\/media\/116654"}],"wp:attachment":[{"href":"https:\/\/www.europesays.com\/se\/wp-json\/wp\/v2\/media?parent=116653"}],"wp:term":[{"taxonomy":"category","embeddable":true,"href":"https:\/\/www.europesays.com\/se\/wp-json\/wp\/v2\/categories?post=116653"},{"taxonomy":"post_tag","embeddable":true,"href":"https:\/\/www.europesays.com\/se\/wp-json\/wp\/v2\/tags?post=116653"}],"curies":[{"name":"wp","href":"https:\/\/api.w.org\/{rel}","templated":true}]}}