{"id":116655,"date":"2025-12-25T15:05:11","date_gmt":"2025-12-25T15:05:11","guid":{"rendered":"https:\/\/www.europesays.com\/se\/116655\/"},"modified":"2025-12-25T15:05:11","modified_gmt":"2025-12-25T15:05:11","slug":"kungens-jultal-2025","status":"publish","type":"post","link":"https:\/\/www.europesays.com\/se\/116655\/","title":{"rendered":"Kungens jultal 2025"},"content":{"rendered":"<p>share-arrowDela<\/p>\n<p>unsaveSpara<\/p>\n<p>expand-left<\/p>\n<p>helsk\u00e4rm<img decoding=\"async\" class=\"image-asset hyperion-css-u06ts1\" data-test-tag=\"image-asset\" src=\"https:\/\/www.europesays.com\/se\/wp-content\/uploads\/2025\/12\/ff92190e-c24b-4bbd-9e4b-046cecad2617\"  alt=\"Kungens jultal 2025. \"  loading=\"eager\" fetchpriority=\"high\" style=\"aspect-ratio:1200 \/ 800\"\/>Kungens jultal 2025. Foto: Cl\u00e9ment Morin\/Kungl. Hovstaterna<\/p>\n<p class=\"hyperion-css-1v9qo5x\">K\u00e4ra svenskar, hemma och utomlands, alla i Sverige!\u00a0<\/p>\n<p class=\"hyperion-css-1v9qo5x\">Nu n\u00e4r julen \u00e4r h\u00e4r och \u00e5ret g\u00e5r mot sitt slut samlas m\u00e5nga av oss med familj och v\u00e4nner. Vi t\u00e4nder ljus i vinterm\u00f6rkret och tar vara p\u00e5 gamla traditioner. Vi ser tillbaka, men blickar ocks\u00e5 fram\u00e5t.\u00a0<\/p>\n<p class=\"hyperion-css-1v9qo5x\">Trots konflikter, krig och terrord\u00e5d i v\u00e4rlden m\u00e5ste vi h\u00e5lla fast vid hoppet om framtiden.\u00a0<\/p>\n<p class=\"hyperion-css-1v9qo5x\">Det ukrainska folkets uth\u00e5llighet och vilja att f\u00f6rsvara sitt land ger oss hopp om att Ukrainas frihet och suver\u00e4nitet ska respekteras. Samtidigt \u00e4r det viktigt att vi i Europa forts\u00e4tter att ge v\u00e5rt fulla st\u00f6d till Ukraina.\u00a0<\/p>\n<p class=\"hyperion-css-1v9qo5x\">Under \u00e5ret har jag bland annat bes\u00f6kt Sveriges milit\u00e4ra f\u00f6rband i Lettland och Natos h\u00f6gkvarter i Bryssel. Jag har ocks\u00e5 deltagit i FN:s 80-\u00e5rsjubileum i New York och i klimatkonferensen COP30 i Brasilien.\u00a0<\/p>\n<p class=\"hyperion-css-1v9qo5x\">Dessa m\u00f6ten har st\u00e4rkt mig i min \u00f6vertygelse om att dialog och samarbete mellan l\u00e4nder \u00e4r den enda v\u00e4gen till stabilitet och s\u00e4kerhet. Och att gemensamma insatser \u00e4r avg\u00f6rande f\u00f6r att m\u00f6ta en av v\u00e5r tids st\u00f6rsta utmaningar: klimatf\u00f6r\u00e4ndringarna. Som vi alla vet tar klimatet inte h\u00e4nsyn till landsgr\u00e4nser.\u00a0<\/p>\n<p class=\"hyperion-css-1v9qo5x\">Sverige har goda m\u00f6jligheter att bidra och vara ett f\u00f6red\u00f6me i det internationella samarbetet, inte minst genom v\u00e5rt engagemang f\u00f6r fred, h\u00e5llbar utveckling och m\u00e4nskliga r\u00e4ttigheter. \u00a0<\/p>\n<p class=\"hyperion-css-1v9qo5x\">L\u00e5t oss hoppas p\u00e5 en best\u00e5ende vapenvila i Gaza och en fredlig utveckling i Mellan\u00f6stern. \u00c4ven om os\u00e4kerheten \u00e4r stor och mots\u00e4ttningarna kvarst\u00e5r. Att vilja fred \u00e4r ett f\u00f6rsta steg. Att skapa varaktig fred f\u00f6ruts\u00e4tter samtal och f\u00f6rsoning.\u00a0<\/p>\n<p class=\"hyperion-css-1v9qo5x\">Hoppet f\u00f6ds ocks\u00e5 ur nya uppt\u00e4ckter, och vetenskapen g\u00f6r stora framsteg.\u00a0<\/p>\n<p class=\"hyperion-css-1v9qo5x\">Sverige har l\u00e4nge v\u00e4rnat forskning och innovation. Ett exempel \u00e4r Nobelpriset som varje \u00e5r uppm\u00e4rksammar vetenskapliga genombrott v\u00e4rlden \u00f6ver. Dessa framg\u00e5ngar m\u00f6jligg\u00f6rs i h\u00f6g grad av globala kunskapsutbyten mellan universitet och h\u00f6gskolor.\u00a0<\/p>\n<p class=\"hyperion-css-1v9qo5x\">N\u00e4r Drottningen och jag i v\u00e5ras v\u00e4lkomnade presidenten fr\u00e5n Island och i h\u00f6stas var i Kanada p\u00e5 statsbes\u00f6k, blev det tydligt hur v\u00e5ra l\u00e4nder f\u00f6renas i tilltron till utbildning och forskning. Och insikten om att kunskap \u00e4r nyckeln till m\u00e4nsklig utveckling.\u00a0<\/p>\n<p class=\"hyperion-css-1v9qo5x\">K\u00e4ra svenskar,\u00a0<\/p>\n<p class=\"hyperion-css-1v9qo5x\">I b\u00f6rjan av \u00e5ret drabbades Sverige och \u00d6rebro av ett fruktansv\u00e4rt d\u00e5d. Elva personer miste livet och m\u00e5nga skadades. Denna f\u00f6rf\u00e4rliga h\u00e4ndelse kommer att finnas med oss under en l\u00e5ng tid, s\u00e4rskilt f\u00f6r de \u00f6verlevande, och anh\u00f6riga och v\u00e4nner till offren.\u00a0<\/p>\n<p class=\"hyperion-css-1v9qo5x\">Men ur sorgen v\u00e4xte n\u00e5got fram &#8211; en k\u00e4nsla av gemenskap och vilja att hj\u00e4lpa. Hela Sverige sl\u00f6t upp bakom polis, r\u00e4ddningstj\u00e4nst, och sjukv\u00e5rdspersonal, som arbetade h\u00e5rt f\u00f6r att r\u00e4dda liv. M\u00e4nniskor st\u00f6ttade varandra och visade att medm\u00e4nsklighet \u00e4r en b\u00e4rande kraft \u00e4ven i sv\u00e5ra stunder.\u00a0<\/p>\n<p class=\"hyperion-css-1v9qo5x\">Den kraften finns \u00f6verallt i v\u00e5rt land.\u00a0<\/p>\n<p class=\"hyperion-css-1v9qo5x\">Hos frivilliga som engagerar sig i olika organisationer. Jag t\u00e4nker till exempel p\u00e5 Scoutr\u00f6relsen, d\u00e4r ledstj\u00e4rnan \u00e4r att varje m\u00e4nniska kan g\u00f6ra skillnad. Att \u00e4ven en liten god g\u00e4rning har betydelse. Med mod, omtanke och handlingskraft, kan vi \u00e4ndra p\u00e5 mycket.\u00a0<\/p>\n<p class=\"hyperion-css-1v9qo5x\">Den medm\u00e4nskligheten finner vi ocks\u00e5 hos grannar som hj\u00e4lper varandra.\u00a0<\/p>\n<p class=\"hyperion-css-1v9qo5x\">Hos l\u00e4rare som dagligen inspirerar sina elever.\u00a0<\/p>\n<p class=\"hyperion-css-1v9qo5x\">Hos klasskamrater som st\u00f6ttar den som k\u00e4nner sig utanf\u00f6r.\u00a0<\/p>\n<p class=\"hyperion-css-1v9qo5x\">Hos kollegor som str\u00e4cker ut en hj\u00e4lpande hand.\u00a0<\/p>\n<p class=\"hyperion-css-1v9qo5x\">Hos \u00e4ldre som delar med sig av sin livserfarenhet.\u00a0<\/p>\n<p class=\"hyperion-css-1v9qo5x\">Och i en kram eller ett varmt ord p\u00e5 v\u00e4gen av en god v\u00e4n.\u00a0<\/p>\n<p class=\"hyperion-css-1v9qo5x\">I de \u00f6gonblicken finns den v\u00e4rme och omtanke som v\u00e4rlden beh\u00f6ver mer av.\u00a0<\/p>\n<p class=\"hyperion-css-1v9qo5x\">K\u00e4ra svenskar,\u00a0<\/p>\n<p class=\"hyperion-css-1v9qo5x\">Julens budskap \u00e4r hopp och f\u00f6rsoning, att m\u00f6rkret aldrig f\u00e5r sista ordet. F\u00f6r i m\u00f6rkret vilar ljuset.\u00a0<\/p>\n<p class=\"hyperion-css-1v9qo5x\">Precis d\u00e4r, mitt i det sv\u00e5ra, kan n\u00e5got nytt b\u00f6rja gro. Precis d\u00e4r kan ett ljus t\u00e4ndas.\u00a0<\/p>\n<p class=\"hyperion-css-1v9qo5x\">Med de orden vill jag tillsammans med min familj \u00f6nska er alla en riktigt god jul och ett gott nytt \u00e5r 2026!\u00a0<\/p>\n","protected":false},"excerpt":{"rendered":"share-arrowDela unsaveSpara expand-left helsk\u00e4rmKungens jultal 2025. Foto: Cl\u00e9ment Morin\/Kungl. Hovstaterna K\u00e4ra svenskar, hemma och utomlands, alla i Sverige!\u00a0&hellip;\n","protected":false},"author":2,"featured_media":116656,"comment_status":"","ping_status":"","sticky":false,"template":"","format":"standard","meta":{"footnotes":""},"categories":[5],"tags":[22,23,26,27,17,21,24,25,28,29,15,16,18,34,31,33,32,30,19,20],"class_list":{"0":"post-116655","1":"post","2":"type-post","3":"status-publish","4":"format-standard","5":"has-post-thumbnail","7":"category-rubriker","8":"tag-breaking-news","9":"tag-breakingnews","10":"tag-featured-news","11":"tag-featurednews","12":"tag-headlines","13":"tag-huvudnyheter","14":"tag-latest-news","15":"tag-latestnews","16":"tag-main-news","17":"tag-mainnews","18":"tag-news","19":"tag-nyheter","20":"tag-rubriker","21":"tag-se","22":"tag-svenska","23":"tag-sverige","24":"tag-sweden","25":"tag-swedish","26":"tag-top-stories","27":"tag-topstories"},"share_on_mastodon":{"url":"https:\/\/pubeurope.com\/@se\/115780827562664058","error":""},"_links":{"self":[{"href":"https:\/\/www.europesays.com\/se\/wp-json\/wp\/v2\/posts\/116655","targetHints":{"allow":["GET"]}}],"collection":[{"href":"https:\/\/www.europesays.com\/se\/wp-json\/wp\/v2\/posts"}],"about":[{"href":"https:\/\/www.europesays.com\/se\/wp-json\/wp\/v2\/types\/post"}],"author":[{"embeddable":true,"href":"https:\/\/www.europesays.com\/se\/wp-json\/wp\/v2\/users\/2"}],"replies":[{"embeddable":true,"href":"https:\/\/www.europesays.com\/se\/wp-json\/wp\/v2\/comments?post=116655"}],"version-history":[{"count":0,"href":"https:\/\/www.europesays.com\/se\/wp-json\/wp\/v2\/posts\/116655\/revisions"}],"wp:featuredmedia":[{"embeddable":true,"href":"https:\/\/www.europesays.com\/se\/wp-json\/wp\/v2\/media\/116656"}],"wp:attachment":[{"href":"https:\/\/www.europesays.com\/se\/wp-json\/wp\/v2\/media?parent=116655"}],"wp:term":[{"taxonomy":"category","embeddable":true,"href":"https:\/\/www.europesays.com\/se\/wp-json\/wp\/v2\/categories?post=116655"},{"taxonomy":"post_tag","embeddable":true,"href":"https:\/\/www.europesays.com\/se\/wp-json\/wp\/v2\/tags?post=116655"}],"curies":[{"name":"wp","href":"https:\/\/api.w.org\/{rel}","templated":true}]}}