{"id":116659,"date":"2025-12-25T15:08:16","date_gmt":"2025-12-25T15:08:16","guid":{"rendered":"https:\/\/www.europesays.com\/se\/116659\/"},"modified":"2025-12-25T15:08:16","modified_gmt":"2025-12-25T15:08:16","slug":"idolerna-om-livet-efter-finalen-maste-tillbaka","status":"publish","type":"post","link":"https:\/\/www.europesays.com\/se\/116659\/","title":{"rendered":"Idolerna om livet efter finalen &#8221;M\u00e5ste tillbaka&#8221;"},"content":{"rendered":"<p class=\"ort\">Liding\u00f6<\/p>\n<p class=\"text\">Det blev dubbelt upp av Liding\u00f6 i \u00e5rets Idol-final i december, men det r\u00e4ckte inte hela v\u00e4gen f\u00f6r vare sig Love eller Nicolina. <\/p>\n<p>Ingen vinst<\/p>\n<p class=\"text\">Trots att ingen av dem vann k\u00e4nner de sig n\u00f6jda med sina insatser. Nicolina Mercedes-Brandstr\u00f6m, som kom trea, ber\u00e4ttar att b\u00e5de hon och Love trodde att Tuva R\u00e5wall skulle ta hem det.<\/p>\n<p class=\"text\">\u2013 Vi visste att hon skulle vinna, hon var grym.<\/p>\n<p class=\"citat\">Jag har nog aldrig varit s\u00e5 nerv\u00f6s i hela mitt liv.<\/p>\n<p><img decoding=\"async\" class=\"Image Image_\" src=\"\" data-aghref=\"http:\/\/www.mitti.se\/image-3.353547.270372.20251225140705.064896ce98\" data-agimagetype=\"hardcrop\" alt=\"Nicolina Mercedes-Brandstr\u00f6m \u00e4r redan avundsjuk p\u00e5 n\u00e4sta \u00e5rs deltagare.\"\/><\/p>\n<p class=\"Caption\">Nicolina Mercedes-Brandstr\u00f6m \u00e4r redan avundsjuk p\u00e5 n\u00e4sta \u00e5rs deltagare.<\/p>\n<p class=\"Source\">Noomi S\u00f6derstr\u00f6m\/TV4<\/p>\n<p>Tillbaka till plugget<\/p>\n<p class=\"text\">Bara n\u00e5gra dagar efter finalen var det dags f\u00f6r Nicolina att \u00e5terv\u00e4nda till Danderyds gymnasium. <\/p>\n<p class=\"text\">\u2013 N\u00e4r jag kom tillbaka tog de emot med fika, och var j\u00e4ttegulliga. <\/p>\n<p class=\"text\">Nu ska hon varva studierna med att jobba med egen musik. <\/p>\n<p class=\"text\">\u2013 Det tror jag att jag f\u00e5r till. <\/p>\n<p>Ut ur bubblan<\/p>\n<p class=\"text\">Love Stenmarck, som kom tv\u00e5a i finalen, minns hur det k\u00e4ndes n\u00e4r han stod bredvid Tuva R\u00e5wall i den sista omr\u00f6stningen.<\/p>\n<p class=\"text\">\u2013 Jag har nog aldrig varit s\u00e5 nerv\u00f6s i hela mitt liv. Vi stod d\u00e4r i n\u00e5gra minuter, men det k\u00e4ndes som en evighet.<\/p>\n<p><img decoding=\"async\" class=\"Image Image_\" src=\"\" data-aghref=\"http:\/\/www.mitti.se\/image-3.353546.270372.20251225140705.dd9bced773\" data-agimagetype=\"hardcrop\" alt=\"\u2013 Shit, jag m\u00e5ste ju tillbaka till livet, s\u00e4ger Love Stenmarck.\"\/><\/p>\n<p class=\"Caption\">\u2013 Shit, jag m\u00e5ste ju tillbaka till livet, s\u00e4ger Love Stenmarck.<\/p>\n<p class=\"Source\">Noomi S\u00f6derstr\u00f6m\/TV4<\/p>\n<p class=\"text\">\u00c4ven Love har jobbat p\u00e5 med fokus p\u00e5 musiken.<\/p>\n<p class=\"text\">\u2013 Jag har haft lite samtal med folk om vad jag ska g\u00f6ra fram\u00f6ver, och det blir mycket spelningar.<\/p>\n<p>\u00c5terv\u00e4nde till Liding\u00f6<\/p>\n<p class=\"text\">Efter finalen \u00e5kte alla tre deltagare iv\u00e4g p\u00e5 en turn\u00e9 runt om i Sverige, bland annat p\u00e5 Liding\u00f6. <\/p>\n<p class=\"text\">\u2013 Det var sk\u00f6nt att inte kastas ut ur bubblan direkt. Kul att vara tillbaka p\u00e5 Liding\u00f6 ocks\u00e5.<\/p>\n","protected":false},"excerpt":{"rendered":"Liding\u00f6 Det blev dubbelt upp av Liding\u00f6 i \u00e5rets Idol-final i december, men det r\u00e4ckte inte hela v\u00e4gen&hellip;\n","protected":false},"author":2,"featured_media":116660,"comment_status":"","ping_status":"","sticky":false,"template":"","format":"standard","meta":{"footnotes":""},"categories":[67],"tags":[104,34,31,33,32,30,105],"class_list":{"0":"post-116659","1":"post","2":"type-post","3":"status-publish","4":"format-standard","5":"has-post-thumbnail","7":"category-underhallning","8":"tag-entertainment","9":"tag-se","10":"tag-svenska","11":"tag-sverige","12":"tag-sweden","13":"tag-swedish","14":"tag-underhallning"},"share_on_mastodon":{"url":"https:\/\/pubeurope.com\/@se\/115780839222518444","error":""},"_links":{"self":[{"href":"https:\/\/www.europesays.com\/se\/wp-json\/wp\/v2\/posts\/116659","targetHints":{"allow":["GET"]}}],"collection":[{"href":"https:\/\/www.europesays.com\/se\/wp-json\/wp\/v2\/posts"}],"about":[{"href":"https:\/\/www.europesays.com\/se\/wp-json\/wp\/v2\/types\/post"}],"author":[{"embeddable":true,"href":"https:\/\/www.europesays.com\/se\/wp-json\/wp\/v2\/users\/2"}],"replies":[{"embeddable":true,"href":"https:\/\/www.europesays.com\/se\/wp-json\/wp\/v2\/comments?post=116659"}],"version-history":[{"count":0,"href":"https:\/\/www.europesays.com\/se\/wp-json\/wp\/v2\/posts\/116659\/revisions"}],"wp:featuredmedia":[{"embeddable":true,"href":"https:\/\/www.europesays.com\/se\/wp-json\/wp\/v2\/media\/116660"}],"wp:attachment":[{"href":"https:\/\/www.europesays.com\/se\/wp-json\/wp\/v2\/media?parent=116659"}],"wp:term":[{"taxonomy":"category","embeddable":true,"href":"https:\/\/www.europesays.com\/se\/wp-json\/wp\/v2\/categories?post=116659"},{"taxonomy":"post_tag","embeddable":true,"href":"https:\/\/www.europesays.com\/se\/wp-json\/wp\/v2\/tags?post=116659"}],"curies":[{"name":"wp","href":"https:\/\/api.w.org\/{rel}","templated":true}]}}