{"id":116661,"date":"2025-12-25T15:11:22","date_gmt":"2025-12-25T15:11:22","guid":{"rendered":"https:\/\/www.europesays.com\/se\/116661\/"},"modified":"2025-12-25T15:11:22","modified_gmt":"2025-12-25T15:11:22","slug":"greta-thunberg-slappt-mot-borgen-i-london","status":"publish","type":"post","link":"https:\/\/www.europesays.com\/se\/116661\/","title":{"rendered":"Greta Thunberg sl\u00e4ppt mot borgen i London"},"content":{"rendered":"<p class=\"boxtextgrotesk-root_baa6 hyperion-css-7pajle\">Publicerad 2025-12-24 07.05<\/p>\n<p>share-arrowDela<\/p>\n<p>unsaveSpara<\/p>\n<p>expand-left<\/p>\n<p>helsk\u00e4rm<img decoding=\"async\" class=\"image-asset hyperion-css-p1s315\" data-test-tag=\"image-asset\" src=\"https:\/\/www.europesays.com\/se\/wp-content\/uploads\/2025\/12\/870cb383-20c7-4fc8-8e1b-029800ad7da1\"  alt=\"Greta Thunberg under demonstrationen d\u00e4r hon syns h\u00e5lla upp ett plakat med texten \u201dJag st\u00f6djer f\u00e5ngarna fr\u00e5n Palestine Action. Jag \u00e4r emot folkmord\u201d.\"  loading=\"eager\" fetchpriority=\"high\" style=\"aspect-ratio:640 \/ 444\"\/>Greta Thunberg under demonstrationen d\u00e4r hon syns h\u00e5lla upp ett plakat med texten \u201dJag st\u00f6djer f\u00e5ngarna fr\u00e5n Palestine Action. Jag \u00e4r emot folkmord\u201d. Foto: Prisoners For Palestine\/AP\/TT<\/p>\n<p class=\"hyperion-css-1shl3oz\" data-test-tag=\"lead-text\">Greta Thunberg har sl\u00e4ppts mot borgen, uppger brittisk polis.<\/p>\n<p class=\"hyperion-css-1shl3oz\" data-test-tag=\"lead-text\">Hon greps vid en demonstration i centrala London under tisdagen.<\/p>\n<p class=\"hyperion-css-1v9qo5x\">Thunberg greps vid lunchtid p\u00e5 tisdagen f\u00f6r att ha h\u00e5llit upp ett plakat till st\u00f6d f\u00f6r den bannlysta organisationen Palestine Action, i strid med Storbritanniens terrorlagar.<\/p>\n<p class=\"hyperion-css-1v9qo5x\">Vid 17-tiden p\u00e5 tisdagen meddelade Londonpolisen att den svenska aktivisten sl\u00e4ppts mot borgen.<\/p>\n<p class=\"hyperion-css-1v9qo5x\">Palestine Action terrorst\u00e4mplades av den brittiska regeringen i somras \u2013 n\u00e5got som av kritiker f\u00f6rd\u00f6mts som en attack mot yttrandefriheten.<\/p>\n","protected":false},"excerpt":{"rendered":"Publicerad 2025-12-24 07.05 share-arrowDela unsaveSpara expand-left helsk\u00e4rmGreta Thunberg under demonstrationen d\u00e4r hon syns h\u00e5lla upp ett plakat med&hellip;\n","protected":false},"author":2,"featured_media":116662,"comment_status":"","ping_status":"","sticky":false,"template":"","format":"standard","meta":{"footnotes":""},"categories":[14],"tags":[22,23,26,27,17,21,24,25,28,29,15,16,18,34,31,33,32,30,19,20,51,52,53,54],"class_list":{"0":"post-116661","1":"post","2":"type-post","3":"status-publish","4":"format-standard","5":"has-post-thumbnail","7":"category-varlden","8":"tag-breaking-news","9":"tag-breakingnews","10":"tag-featured-news","11":"tag-featurednews","12":"tag-headlines","13":"tag-huvudnyheter","14":"tag-latest-news","15":"tag-latestnews","16":"tag-main-news","17":"tag-mainnews","18":"tag-news","19":"tag-nyheter","20":"tag-rubriker","21":"tag-se","22":"tag-svenska","23":"tag-sverige","24":"tag-sweden","25":"tag-swedish","26":"tag-top-stories","27":"tag-topstories","28":"tag-varlden","29":"tag-world","30":"tag-world-news","31":"tag-worldnews"},"share_on_mastodon":{"url":"https:\/\/pubeurope.com\/@se\/115780851215297383","error":""},"_links":{"self":[{"href":"https:\/\/www.europesays.com\/se\/wp-json\/wp\/v2\/posts\/116661","targetHints":{"allow":["GET"]}}],"collection":[{"href":"https:\/\/www.europesays.com\/se\/wp-json\/wp\/v2\/posts"}],"about":[{"href":"https:\/\/www.europesays.com\/se\/wp-json\/wp\/v2\/types\/post"}],"author":[{"embeddable":true,"href":"https:\/\/www.europesays.com\/se\/wp-json\/wp\/v2\/users\/2"}],"replies":[{"embeddable":true,"href":"https:\/\/www.europesays.com\/se\/wp-json\/wp\/v2\/comments?post=116661"}],"version-history":[{"count":0,"href":"https:\/\/www.europesays.com\/se\/wp-json\/wp\/v2\/posts\/116661\/revisions"}],"wp:featuredmedia":[{"embeddable":true,"href":"https:\/\/www.europesays.com\/se\/wp-json\/wp\/v2\/media\/116662"}],"wp:attachment":[{"href":"https:\/\/www.europesays.com\/se\/wp-json\/wp\/v2\/media?parent=116661"}],"wp:term":[{"taxonomy":"category","embeddable":true,"href":"https:\/\/www.europesays.com\/se\/wp-json\/wp\/v2\/categories?post=116661"},{"taxonomy":"post_tag","embeddable":true,"href":"https:\/\/www.europesays.com\/se\/wp-json\/wp\/v2\/tags?post=116661"}],"curies":[{"name":"wp","href":"https:\/\/api.w.org\/{rel}","templated":true}]}}